{"id":21215,"date":"2008-05-21T10:44:19","date_gmt":"2008-05-21T10:44:19","guid":{"rendered":"https:\/\/obscom.intervozes.org.br\/wordpress\/?p=21215"},"modified":"2008-05-21T10:44:19","modified_gmt":"2008-05-21T10:44:19","slug":"ministerio-da-justica-nega-recurso-da-globo-contra-a-reclassificacao-de-beleza-pura","status":"publish","type":"post","link":"https:\/\/obscom.intervozes.org.br\/?p=21215","title":{"rendered":"Minist\u00e9rio da Justi\u00e7a nega recurso da Globo contra a reclassifica\u00e7\u00e3o de &#8220;Beleza Pura&#8221;"},"content":{"rendered":"<p>Em despacho publicado ontem no &quot;Di&aacute;rio Oficial&quot;, o Minist&eacute;rio da Justi&ccedil;a negou recurso da Globo contra a reclassifica&ccedil;&atilde;o indicativa da novela das sete da emissora, &quot;Beleza Pura&quot;, de livre para impr&oacute;pria para menores de dez anos. A Globo, que vem fazendo v&aacute;rios cortes na novela, argumentou que a produ&ccedil;&atilde;o tem &quot;trama light, que aborda valores ligados &agrave; beleza e est&eacute;tica de forma bem-humorada&quot; e que trata todos os temas &quot;em tom ameno, com leveza correspondente &agrave; classifica&ccedil;&atilde;o livre&quot;. <\/p>\n<p>O minist&eacute;rio reconheceu o &quot;tom ameno&quot;, mas manteve a reclassifica&ccedil;&atilde;o de impr&oacute;pria para menores de 10 anos porque seu monitoramento detectou &quot;conte&uacute;dos inadequados &agrave; classifica&ccedil;&atilde;o livre, que envolvem consumo de bebidas alco&oacute;licas, linguagem depreciativa e agress&atilde;o f&iacute;sica&quot;. A Globo vai recorrer novamente. <\/p>\n<p>A classifica&ccedil;&atilde;o de 10 anos n&atilde;o &eacute; vinculada a hor&aacute;rio. Portanto, n&atilde;o influi na grade da Globo. Mas, devido ao risco de reclassifica&ccedil;&atilde;o para 12 anos (o que obrigaria a novela a entrar no ar ap&oacute;s 20h), tem trazido in&uacute;meras restri&ccedil;&otilde;es a &quot;Beleza Pura&quot;. <\/p>\n<p>A informa&ccedil;&atilde;o &eacute; da coluna de Daniel Castro, da Folha de S. Paulo<\/p>\n","protected":false},"excerpt":{"rendered":"<p>Em despacho publicado ontem no &quot;Di&aacute;rio Oficial&quot;, o Minist&eacute;rio da Justi&ccedil;a negou recurso da Globo contra a reclassifica&ccedil;&atilde;o indicativa da novela das sete da emissora, &quot;Beleza Pura&quot;, de livre para impr&oacute;pria para menores de dez anos. A Globo, que vem fazendo v&aacute;rios cortes na novela, argumentou que a produ&ccedil;&atilde;o tem &quot;trama light, que aborda valores &hellip; <a href=\"https:\/\/obscom.intervozes.org.br\/?p=21215\" class=\"more-link\">Continue lendo <span class=\"screen-reader-text\">Minist\u00e9rio da Justi\u00e7a nega recurso da Globo contra a reclassifica\u00e7\u00e3o de &#8220;Beleza Pura&#8221;<\/span> <span class=\"meta-nav\">&rarr;<\/span><\/a><\/p>\n","protected":false},"author":1,"featured_media":0,"comment_status":"open","ping_status":"open","sticky":false,"template":"","format":"standard","meta":{"footnotes":""},"categories":[39],"tags":[],"_links":{"self":[{"href":"https:\/\/obscom.intervozes.org.br\/index.php?rest_route=\/wp\/v2\/posts\/21215"}],"collection":[{"href":"https:\/\/obscom.intervozes.org.br\/index.php?rest_route=\/wp\/v2\/posts"}],"about":[{"href":"https:\/\/obscom.intervozes.org.br\/index.php?rest_route=\/wp\/v2\/types\/post"}],"author":[{"embeddable":true,"href":"https:\/\/obscom.intervozes.org.br\/index.php?rest_route=\/wp\/v2\/users\/1"}],"replies":[{"embeddable":true,"href":"https:\/\/obscom.intervozes.org.br\/index.php?rest_route=%2Fwp%2Fv2%2Fcomments&post=21215"}],"version-history":[{"count":0,"href":"https:\/\/obscom.intervozes.org.br\/index.php?rest_route=\/wp\/v2\/posts\/21215\/revisions"}],"wp:attachment":[{"href":"https:\/\/obscom.intervozes.org.br\/index.php?rest_route=%2Fwp%2Fv2%2Fmedia&parent=21215"}],"wp:term":[{"taxonomy":"category","embeddable":true,"href":"https:\/\/obscom.intervozes.org.br\/index.php?rest_route=%2Fwp%2Fv2%2Fcategories&post=21215"},{"taxonomy":"post_tag","embeddable":true,"href":"https:\/\/obscom.intervozes.org.br\/index.php?rest_route=%2Fwp%2Fv2%2Ftags&post=21215"}],"curies":[{"name":"wp","href":"https:\/\/api.w.org\/{rel}","templated":true}]}}