{"id":21214,"date":"2008-05-21T10:12:32","date_gmt":"2008-05-21T10:12:32","guid":{"rendered":"https:\/\/obscom.intervozes.org.br\/wordpress\/?p=21214"},"modified":"2008-05-21T10:12:32","modified_gmt":"2008-05-21T10:12:32","slug":"apos-declaracao-minicom-insiste-em-fabrica-de-semicondutores","status":"publish","type":"post","link":"https:\/\/obscom.intervozes.org.br\/?p=21214","title":{"rendered":"Ap\u00f3s declara\u00e7\u00e3o, Minicom insiste em f\u00e1brica de semicondutores"},"content":{"rendered":"<p>O Minist&eacute;rio das Comunica&ccedil;&otilde;es enviou uma nota &agrave; imprensa na noite desta ter&ccedil;a, 20, afirmando que a Toshiba reafirmou o interesse em montar uma f&aacute;brica de semicondutores no Brasil. Segundo o Minicom, a ministra chefa da Casa Civil, Dilma Rousseff, em uma viagem ao Jap&atilde;o, em abril, teria recebido da Toshiba um documento no qual a empresa reafirma o interesse em montar uma f&aacute;brica de semicondutores no Brasil.<\/p>\n<p>A nota do Minicom veio em resposta &agrave;s declara&ccedil;&otilde;es do ministro do Planejamento, Miguel Jorge, afirmando que o termo assinado pelo Brasil e pelo Jap&atilde;o referente &agrave; implementa&ccedil;&atilde;o do sistema de TV digital foi um &quot;bl&aacute;-bl&aacute;-bl&aacute;&quot;. O termo previa a cria&ccedil;&atilde;o de um plano para o desenvolvimento da ind&uacute;stria de semicondutores, com vistas a investimentos japoneses no Brasil. <\/p>\n<p>Na nota o Minicom afirma que as negocia&ccedil;&otilde;es do governo brasileiro para a constru&ccedil;&atilde;o da f&aacute;brica est&atilde;o evoluindo, inclusive com outros interessados. &quot;O Brasil &eacute; hoje, indiscutivelmente, um dos destinos mais procurados do mundo para novos investimentos, ainda mais depois de receber o grau de investimento. O setor de telecomunica&ccedil;&otilde;es certamente ser&aacute; um dos setores mais beneficiados&quot;, diz a nota do Minicom.<\/p>\n<p>As declara&ccedil;&otilde;es do ministro Miguel Jorge foram dadas no IC Executiv Summit (F&oacute;rum Executivo em Circuitos Integrados), que acontece at&eacute; a pr&oacute;xima quarta-feira, 21. <\/p>\n","protected":false},"excerpt":{"rendered":"<p>O Minist&eacute;rio das Comunica&ccedil;&otilde;es enviou uma nota &agrave; imprensa na noite desta ter&ccedil;a, 20, afirmando que a Toshiba reafirmou o interesse em montar uma f&aacute;brica de semicondutores no Brasil. Segundo o Minicom, a ministra chefa da Casa Civil, Dilma Rousseff, em uma viagem ao Jap&atilde;o, em abril, teria recebido da Toshiba um documento no qual &hellip; <a href=\"https:\/\/obscom.intervozes.org.br\/?p=21214\" class=\"more-link\">Continue lendo <span class=\"screen-reader-text\">Ap\u00f3s declara\u00e7\u00e3o, Minicom insiste em f\u00e1brica de semicondutores<\/span> <span class=\"meta-nav\">&rarr;<\/span><\/a><\/p>\n","protected":false},"author":1,"featured_media":0,"comment_status":"open","ping_status":"open","sticky":false,"template":"","format":"standard","meta":{"footnotes":""},"categories":[39],"tags":[79],"_links":{"self":[{"href":"https:\/\/obscom.intervozes.org.br\/index.php?rest_route=\/wp\/v2\/posts\/21214"}],"collection":[{"href":"https:\/\/obscom.intervozes.org.br\/index.php?rest_route=\/wp\/v2\/posts"}],"about":[{"href":"https:\/\/obscom.intervozes.org.br\/index.php?rest_route=\/wp\/v2\/types\/post"}],"author":[{"embeddable":true,"href":"https:\/\/obscom.intervozes.org.br\/index.php?rest_route=\/wp\/v2\/users\/1"}],"replies":[{"embeddable":true,"href":"https:\/\/obscom.intervozes.org.br\/index.php?rest_route=%2Fwp%2Fv2%2Fcomments&post=21214"}],"version-history":[{"count":0,"href":"https:\/\/obscom.intervozes.org.br\/index.php?rest_route=\/wp\/v2\/posts\/21214\/revisions"}],"wp:attachment":[{"href":"https:\/\/obscom.intervozes.org.br\/index.php?rest_route=%2Fwp%2Fv2%2Fmedia&parent=21214"}],"wp:term":[{"taxonomy":"category","embeddable":true,"href":"https:\/\/obscom.intervozes.org.br\/index.php?rest_route=%2Fwp%2Fv2%2Fcategories&post=21214"},{"taxonomy":"post_tag","embeddable":true,"href":"https:\/\/obscom.intervozes.org.br\/index.php?rest_route=%2Fwp%2Fv2%2Ftags&post=21214"}],"curies":[{"name":"wp","href":"https:\/\/api.w.org\/{rel}","templated":true}]}}