{"id":21213,"date":"2008-05-21T09:57:28","date_gmt":"2008-05-21T09:57:28","guid":{"rendered":"https:\/\/obscom.intervozes.org.br\/wordpress\/?p=21213"},"modified":"2008-05-21T09:57:28","modified_gmt":"2008-05-21T09:57:28","slug":"acordo-politico-pode-garantir-aprovacao-do-pl-2907","status":"publish","type":"post","link":"https:\/\/obscom.intervozes.org.br\/?p=21213","title":{"rendered":"Acordo pol\u00edtico pode garantir aprova\u00e7\u00e3o do PL 29\/07"},"content":{"rendered":"<p>Os deputados federais deram in&iacute;cio a uma nova estrat&eacute;gia para tentar garantir a vota&ccedil;&atilde;o do turbulento projeto de lei 29\/2007, que cria regras novas para o mercado de TV por assinatura e para o audiovisual. A reuni&atilde;o realizada nesta ter&ccedil;a-feira, 20, entre os parlamentares contrariou as expectativas e, ao inv&eacute;s de discutir o m&eacute;rito da proposta feita pelo relator Jorge Bittar (PT\/RJ), serviu para o come&ccedil;o de uma costura pol&iacute;tica para chancelar o projeto e aprov&aacute;-lo na pr&oacute;xima reuni&atilde;o da Comiss&atilde;o de Ci&ecirc;ncia e Tecnologia, a ser realizada no dia 28 de maio, quarta-feira.<\/p>\n<p>Mais uma reuni&atilde;o ser&aacute; feita na pr&oacute;xima ter&ccedil;a-feira, 27, &agrave;s 9h, com a inten&ccedil;&atilde;o de verificar eventuais ajustes a serem feitos no &uacute;ltimo substitutivo apresentado por Bittar. Este encontro ser&aacute; fechado entre os parlamentares. Mas as mudan&ccedil;as n&atilde;o devem ser muito severas. Um fatiamento em duas propostas (infra-estrutura em um texto e audiovisual em outro), por exemplo, foi descartado pela c&uacute;pula de deputados da Ci&ecirc;ncia e Tecnologia. O entendimento &eacute; que h&aacute; sim um consenso m&iacute;nimo no texto de Bittar entre os setores envolvidos, constru&iacute;do ap&oacute;s os &uacute;ltimos meses de negocia&ccedil;&atilde;o.<\/p>\n<p>A nova estrat&eacute;gia n&atilde;o s&oacute; d&aacute; respaldo ao relator, que corria o risco de ser fragilizado com os sucessivos adiamentos na vota&ccedil;&atilde;o, como teria o poder de refor&ccedil;ar a comiss&atilde;o. &quot;A discuss&atilde;o sobre este projeto j&aacute; deu&quot;, desabafa um dos parlamentares que participou da reuni&atilde;o. &quot;Agora os deputados t&ecirc;m que decidir se votam contra ou a favor e esclarecer sua posi&ccedil;&atilde;o&quot;.<\/p>\n<p><strong>Posi&ccedil;&atilde;o fechada<\/p>\n<p><\/strong>A reuni&atilde;o desta ter&ccedil;a, realizada a portas fechadas, contou com a representa&ccedil;&atilde;o de todos os partidos da Casa com indica&ccedil;&otilde;es na Comiss&atilde;o de Ci&ecirc;ncia e Tecnologia, menos do PDT. O PPS, apesar de contar com dois parlamentares no encontro, n&atilde;o estaria &quot;partidariamente&quot; posicionado no debate. Ao todo, nove deputados participaram da conversa, que come&ccedil;ou pela manh&atilde;, mas foi retomada no per&iacute;odo da tarde.<\/p>\n<p>Para o relator Jorge Bittar, o encontro &quot;superou em muito as expectativas&quot;. O deputado confirmou que o encontro teve um &quot;car&aacute;ter mais pol&iacute;tico&quot; e est&aacute; otimista quanto &agrave; forma&ccedil;&atilde;o de um consenso que permita votar o texto na pr&oacute;xima reuni&atilde;o, mais tardar na primeira semana de junho, dia 4. &quot;O que ficou claro entre os deputados &eacute; que, se n&oacute;s n&atilde;o tomarmos uma posi&ccedil;&atilde;o sobre esse projeto, corremos o risco de ele encalhar&quot;, afirmou.<\/p>\n<p>De acordo com outros deputados, a id&eacute;ia central dessa nova jornada &eacute; garantir que os partidos &quot;fechem posi&ccedil;&atilde;o&quot; sobre a aprova&ccedil;&atilde;o ou n&atilde;o do texto pela comiss&atilde;o. Dessa maneira, a vota&ccedil;&atilde;o ganha respaldo pol&iacute;tico e os deputados que mantiverem sua posi&ccedil;&atilde;o contra a proposta seriam obrigados a se declararem publicamente contra a mat&eacute;ria durante a delibera&ccedil;&atilde;o.<\/p>\n<p><strong>Altera&ccedil;&otilde;es<\/p>\n<p><\/strong>Uma das alternativas mais comentadas entre os afetados pelo projeto, o fatiamento da medida em duas vertentes, perdeu for&ccedil;a ap&oacute;s a reuni&atilde;o pol&iacute;tica. At&eacute; mesmo um dos maiores defensores da id&eacute;ia, o deputado Paulo Bornhausen (DEM\/SC), abandonou a estrat&eacute;gia. &quot;Acho que a negocia&ccedil;&atilde;o caminhou muito e n&atilde;o &eacute; mais necess&aacute;rio um fatiamento&quot;, afirmou o parlamentar. Bornhausen, que &eacute; autor do PL 29, defendia anteriormente que a proposta cuidasse apenas da entrada das teles no mercado da TV paga (infra-estrutura) e que o debate sobre o audiovisual ficasse para outra oportunidade.<\/p>\n<p>Mesmo pacificando sua posi&ccedil;&atilde;o sobre a manuten&ccedil;&atilde;o do projeto &quot;inteiro&quot;, o deputado ainda v&ecirc; a necessidade de algumas corre&ccedil;&otilde;es na mat&eacute;ria. &quot;Ainda existem pontos pol&ecirc;micos. O Bittar tem boa vontade e negociou com os setores, mas (o projeto) acaba esbarrando em um contexto dif&iacute;cil&quot;, ponderou. Bornhausen assegura que as conversas entre os deputados servir&atilde;o para definir uma &quot;agenda m&iacute;nima&quot; para que as corre&ccedil;&otilde;es possam ser feitas sem atrasar muito mais a vota&ccedil;&atilde;o.<\/p>\n<p>O deputado J&uacute;lio Semeghini (PSDB\/SP) tamb&eacute;m enxerga a possibilidade de pequenos ajustes no substitutivo de Bittar, mas acredita que o consenso pol&iacute;tico permitir&aacute; a vota&ccedil;&atilde;o da mat&eacute;ria nas pr&oacute;ximas semanas. &quot;A id&eacute;ia &eacute; conseguir colocar o texto em vota&ccedil;&atilde;o na pr&oacute;xima semana ou, na pior das hip&oacute;teses, em 15 dias&quot;, declarou. O deputado afirma que a conversa com os demais parlamentares da comiss&atilde;o est&aacute; caminhando bem para uma &quot;pactua&ccedil;&atilde;o&quot; capaz de aprovar o texto sem maiores problemas.<\/p>\n<p>Do ponto de vista pr&aacute;tico, as poss&iacute;veis altera&ccedil;&otilde;es no texto ir&atilde;o gerar uma terceira vers&atilde;o do substitutivo de Bittar. Para evitar problemas regimentais, o relator dever&aacute; trocar o atual substitutivo apresentado publicamente pela nova vers&atilde;o com o consenso dos deputados, caso haja efetiva necessidade de mudan&ccedil;a no texto. <\/p>\n","protected":false},"excerpt":{"rendered":"<p>Os deputados federais deram in&iacute;cio a uma nova estrat&eacute;gia para tentar garantir a vota&ccedil;&atilde;o do turbulento projeto de lei 29\/2007, que cria regras novas para o mercado de TV por assinatura e para o audiovisual. A reuni&atilde;o realizada nesta ter&ccedil;a-feira, 20, entre os parlamentares contrariou as expectativas e, ao inv&eacute;s de discutir o m&eacute;rito da &hellip; <a href=\"https:\/\/obscom.intervozes.org.br\/?p=21213\" class=\"more-link\">Continue lendo <span class=\"screen-reader-text\">Acordo pol\u00edtico pode garantir aprova\u00e7\u00e3o do PL 29\/07<\/span> <span class=\"meta-nav\">&rarr;<\/span><\/a><\/p>\n","protected":false},"author":1,"featured_media":0,"comment_status":"open","ping_status":"open","sticky":false,"template":"","format":"standard","meta":{"footnotes":""},"categories":[40],"tags":[148],"_links":{"self":[{"href":"https:\/\/obscom.intervozes.org.br\/index.php?rest_route=\/wp\/v2\/posts\/21213"}],"collection":[{"href":"https:\/\/obscom.intervozes.org.br\/index.php?rest_route=\/wp\/v2\/posts"}],"about":[{"href":"https:\/\/obscom.intervozes.org.br\/index.php?rest_route=\/wp\/v2\/types\/post"}],"author":[{"embeddable":true,"href":"https:\/\/obscom.intervozes.org.br\/index.php?rest_route=\/wp\/v2\/users\/1"}],"replies":[{"embeddable":true,"href":"https:\/\/obscom.intervozes.org.br\/index.php?rest_route=%2Fwp%2Fv2%2Fcomments&post=21213"}],"version-history":[{"count":0,"href":"https:\/\/obscom.intervozes.org.br\/index.php?rest_route=\/wp\/v2\/posts\/21213\/revisions"}],"wp:attachment":[{"href":"https:\/\/obscom.intervozes.org.br\/index.php?rest_route=%2Fwp%2Fv2%2Fmedia&parent=21213"}],"wp:term":[{"taxonomy":"category","embeddable":true,"href":"https:\/\/obscom.intervozes.org.br\/index.php?rest_route=%2Fwp%2Fv2%2Fcategories&post=21213"},{"taxonomy":"post_tag","embeddable":true,"href":"https:\/\/obscom.intervozes.org.br\/index.php?rest_route=%2Fwp%2Fv2%2Ftags&post=21213"}],"curies":[{"name":"wp","href":"https:\/\/api.w.org\/{rel}","templated":true}]}}