{"id":21212,"date":"2008-05-20T20:38:56","date_gmt":"2008-05-20T20:38:56","guid":{"rendered":"https:\/\/obscom.intervozes.org.br\/wordpress\/?p=21212"},"modified":"2008-05-20T20:38:56","modified_gmt":"2008-05-20T20:38:56","slug":"acordo-para-instalacao-de-fabrica-era-blablabla-diz-ministro","status":"publish","type":"post","link":"https:\/\/obscom.intervozes.org.br\/?p=21212","title":{"rendered":"Acordo para instala\u00e7\u00e3o de f\u00e1brica era &#8216;bl\u00e1bl\u00e1bl\u00e1&#8217;, diz ministro"},"content":{"rendered":"<p><span>A instala&ccedil;&atilde;o de uma f&aacute;brica de semicondutores no Brasil, possivelmente da Toshiba, anunciada pelo governo brasileiro, durante as negocia&ccedil;&otilde;es com o governo japon&ecirc;s do padr&atilde;o da TV digital, em 2006, n&atilde;o vai ser concretizada. Segundo o ministro de Desenvolvimento, Miguel Jorge, o documento assinado n&atilde;o chegava a ser um memorando de entendimentos. &ldquo;Para ser franco, era mais um bl&aacute;bl&aacute;bl&aacute;. Acredito que era o poss&iacute;vel de negociar naquele momento&rdquo;, disse.<\/p>\n<p><\/span><span>Miguel Jorge disse que as conversas est&atilde;o sendo retomadas agora, mas n&atilde;o no &acirc;mbito de TV digital que j&aacute; foi. &ldquo;A TV digital j&aacute; est&aacute; a&iacute;, &eacute; uma realidade, portanto voc&ecirc; hoje n&atilde;o vai exigir de uma contraparte que fa&ccedil;a alguma coisa&rdquo;, disse. Ele informou que seu minist&eacute;rio, desde o ano passado, est&aacute; fazendo um trabalho em rela&ccedil;&atilde;o a semicondutores, mas essas conversas s&atilde;o muito fechadas e que n&atilde;o pode adiantar nada. <\/p>\n<p><\/span><span>O ministro da Ci&ecirc;ncia e Tecnologia, S&eacute;rgio Rezende, disse que houve o acordo, mas entre governos e nenhum governo pode obrigar que uma empresa instale uma unidade num pa&iacute;s ou em outro. Ele acredita que as ind&uacute;strias japonesas tem interesses aqui. &ldquo;At&eacute; porque o padr&atilde;o de modula&ccedil;&atilde;o da TV digital &eacute; japon&ecirc;s e&nbsp; elas est&atilde;o vendo o tamanho&nbsp; do mercado&rdquo;, avalia.<\/p>\n<p><\/span><span><strong>Oportunidades<\/p>\n<p><\/strong><\/span><span>Os dois ministros confiam que a atual situa&ccedil;&atilde;o econ&ocirc;mica do pa&iacute;s e na nova pol&iacute;tica industrial ser&atilde;o capazes de atrair investimentos estrangeiros. E hoje apresentaram as oportunidades de neg&oacute;cios no cen&aacute;rio brasileiro de circuitos integrados aos maiores fabricantes do mundo nesta &aacute;rea, no &ldquo;IC Executiv Summit&rdquo; (F&oacute;rum Executivo em Circuitos Integrados), que est&aacute; sendo realizado em Bras&iacute;lia.<\/p>\n<p><\/span><span>O evento &eacute; uma promo&ccedil;&atilde;o do Minist&eacute;rio da Ci&ecirc;ncia e Tecnologia com o apoio da Cadence, uma das tr&ecirc;s empresas do mundo que produz software para circuito integrado. Entre as empresas que participam do evento est&atilde;o Toshiba,&nbsp; Nokia,&nbsp; Sansung,&nbsp; Motorola,&nbsp; Steel Microeletronic,&nbsp; Intel, entre outras.<\/p>\n<p><\/span><span>Rezende disse que, at&eacute; o momento, nenhuma empresa disse que vai se instalar no Brasil, mas ele acredita que at&eacute; o final do ano, algumas delas ter&atilde;o decidido se estabelecer aqui. Ele acredita que o governo tem investindo em recursos humanos e em centros de treinamento, como o Ceitec, que funciona em Porto Alegre, e que est&aacute; se preparando para fazer prototipagem de circuitos integrados, o que ainda n&atilde;o &eacute; feito no pa&iacute;s.<\/p>\n<p><\/span><span>Al&eacute;m dos benef&iacute;cios da nova pol&iacute;tica industrial, o ministro citou o Padis (Programa de Apoio ao Desenvolvimento Tecnol&oacute;gico da Ind&uacute;stria de Semicondutores), que foi lan&ccedil;ado no ano passado como parte do esfor&ccedil;o de trazer a f&aacute;brica de semicondutores japonesa, como um dos principais trunfos para atrair investimentos. &ldquo;A maior demanda das empresas era a quest&atilde;o do incentivo fiscal e elas j&aacute; reconhecem que o Padis supre esta car&ecirc;ncia&rdquo;, disse.<\/p>\n<p><\/span><span>O ministro lamentou a decis&atilde;o equivocada dos governantes brasileiros que, na d&eacute;cada de 90, optaram por n&atilde;o investir em microeletr&ocirc;nica, acreditando que o pa&iacute;s n&atilde;o tinha oportunidade na &aacute;rea. &ldquo;Isso foi um erro de avalia&ccedil;&atilde;o, porque para se ter tecnologia, &eacute; preciso ter&nbsp; RH, gente formada, gente treinada. E muitas pessoas que trabalharam nas empresas de semicondutores nos anos 80, foram para fora, porque n&atilde;o tinham empregos aqui&rdquo;, lamentou.<\/span><\/p>\n","protected":false},"excerpt":{"rendered":"<p>Miguel Jorge confirma que a instala\u00e7\u00e3o pelos japoneses de uma f\u00e1brica de semicondutores no Brasil como contrapartida \u00e0 escolha do padr\u00e3o japon\u00eas para a TV digital n\u00e3o passou de jogo de cena.<\/p>\n","protected":false},"author":1,"featured_media":0,"comment_status":"open","ping_status":"open","sticky":false,"template":"","format":"standard","meta":{"footnotes":""},"categories":[40],"tags":[79],"_links":{"self":[{"href":"https:\/\/obscom.intervozes.org.br\/index.php?rest_route=\/wp\/v2\/posts\/21212"}],"collection":[{"href":"https:\/\/obscom.intervozes.org.br\/index.php?rest_route=\/wp\/v2\/posts"}],"about":[{"href":"https:\/\/obscom.intervozes.org.br\/index.php?rest_route=\/wp\/v2\/types\/post"}],"author":[{"embeddable":true,"href":"https:\/\/obscom.intervozes.org.br\/index.php?rest_route=\/wp\/v2\/users\/1"}],"replies":[{"embeddable":true,"href":"https:\/\/obscom.intervozes.org.br\/index.php?rest_route=%2Fwp%2Fv2%2Fcomments&post=21212"}],"version-history":[{"count":0,"href":"https:\/\/obscom.intervozes.org.br\/index.php?rest_route=\/wp\/v2\/posts\/21212\/revisions"}],"wp:attachment":[{"href":"https:\/\/obscom.intervozes.org.br\/index.php?rest_route=%2Fwp%2Fv2%2Fmedia&parent=21212"}],"wp:term":[{"taxonomy":"category","embeddable":true,"href":"https:\/\/obscom.intervozes.org.br\/index.php?rest_route=%2Fwp%2Fv2%2Fcategories&post=21212"},{"taxonomy":"post_tag","embeddable":true,"href":"https:\/\/obscom.intervozes.org.br\/index.php?rest_route=%2Fwp%2Fv2%2Ftags&post=21212"}],"curies":[{"name":"wp","href":"https:\/\/api.w.org\/{rel}","templated":true}]}}