{"id":21211,"date":"2008-05-20T18:06:04","date_gmt":"2008-05-20T18:06:04","guid":{"rendered":"https:\/\/obscom.intervozes.org.br\/wordpress\/?p=21211"},"modified":"2008-05-20T18:06:04","modified_gmt":"2008-05-20T18:06:04","slug":"embratel-lancara-wimax-em-12-cidades-do-rio-de-janeiro-ate-o-fim-do-ano","status":"publish","type":"post","link":"https:\/\/obscom.intervozes.org.br\/?p=21211","title":{"rendered":"Embratel lan\u00e7ar\u00e1 WiMax em 12 cidades do Rio de Janeiro at\u00e9 o fim do ano"},"content":{"rendered":"<p><span>A Embratel anunciou nesta segunda-feira, 19, o lan&ccedil;amento de sua opera&ccedil;&atilde;o WiMax no Rio de Janeiro. 15 ERBs j&aacute; foram instaladas na capital fluminense e esse n&uacute;mero subir&aacute; para 60 at&eacute; julho, atingindo uma capacidade para atender at&eacute; 20 mil clientes corporativos. A cobertura na cidade inclui os bairros de Botafogo, Tijuca, Barra, Taquara, Tanque, M&eacute;ier e Centro. At&eacute; o final do ano, outras 12 cidades do estado do Rio de Janeiro ter&atilde;o cobertura WiMax da Embratel: Maca&eacute;, Rio das Ostras, Volta Redonda, Barra Mansa, Campos, Cabo Frio, Resende, Angra dos Reis, S&atilde;o Jo&atilde;o de Meriti, Petr&oacute;polis, Itaperuna e Friburgo. <\/p>\n<p><\/span><span>A capital fluminense faz parte da lista de 12 cidades que comp&otilde;em a primeira fase da constru&ccedil;&atilde;o da rede WiMax da Embratel, cujo investimento alcan&ccedil;a a cifra de R$ 175 milh&otilde;es. At&eacute; o final do ano, a lista ser&aacute; expandida para 61 cidades em todo o Brasil. <\/p>\n<p><\/span><span>O foco da operadora &eacute; atender ao mercado de pequenas e m&eacute;dias empresas (PMEs), com uma oferta de voz e banda larga. O pacote com acesso &agrave; internet de 1 Mbps e 1,7 mil minutos de liga&ccedil;&otilde;es locais custar&atilde;o R$ 189 ao m&ecirc;s &#8211; o custo do CPE est&aacute; incluso. <\/p>\n<p><\/span><strong>Mercado residencial <\/p>\n<p><\/strong><span>N&atilde;o h&aacute; planos a m&eacute;dio prazo de se utilizar a rede WiMax para oferta de servi&ccedil;os a clientes residenciais, informou o diretor de rede da Embratel, Ivan Campagnolli. &quot;Do ponto de vista de custo e de escala faz mais sentido usarmos a rede CDMA para atender a este segmento&quot;, explicou o executivo.<\/span><\/p>\n","protected":false},"excerpt":{"rendered":"<p>A Embratel anunciou nesta segunda-feira, 19, o lan&ccedil;amento de sua opera&ccedil;&atilde;o WiMax no Rio de Janeiro. 15 ERBs j&aacute; foram instaladas na capital fluminense e esse n&uacute;mero subir&aacute; para 60 at&eacute; julho, atingindo uma capacidade para atender at&eacute; 20 mil clientes corporativos. A cobertura na cidade inclui os bairros de Botafogo, Tijuca, Barra, Taquara, Tanque, &hellip; <a href=\"https:\/\/obscom.intervozes.org.br\/?p=21211\" class=\"more-link\">Continue lendo <span class=\"screen-reader-text\">Embratel lan\u00e7ar\u00e1 WiMax em 12 cidades do Rio de Janeiro at\u00e9 o fim do ano<\/span> <span class=\"meta-nav\">&rarr;<\/span><\/a><\/p>\n","protected":false},"author":1,"featured_media":0,"comment_status":"open","ping_status":"open","sticky":false,"template":"","format":"standard","meta":{"footnotes":""},"categories":[40],"tags":[438],"_links":{"self":[{"href":"https:\/\/obscom.intervozes.org.br\/index.php?rest_route=\/wp\/v2\/posts\/21211"}],"collection":[{"href":"https:\/\/obscom.intervozes.org.br\/index.php?rest_route=\/wp\/v2\/posts"}],"about":[{"href":"https:\/\/obscom.intervozes.org.br\/index.php?rest_route=\/wp\/v2\/types\/post"}],"author":[{"embeddable":true,"href":"https:\/\/obscom.intervozes.org.br\/index.php?rest_route=\/wp\/v2\/users\/1"}],"replies":[{"embeddable":true,"href":"https:\/\/obscom.intervozes.org.br\/index.php?rest_route=%2Fwp%2Fv2%2Fcomments&post=21211"}],"version-history":[{"count":0,"href":"https:\/\/obscom.intervozes.org.br\/index.php?rest_route=\/wp\/v2\/posts\/21211\/revisions"}],"wp:attachment":[{"href":"https:\/\/obscom.intervozes.org.br\/index.php?rest_route=%2Fwp%2Fv2%2Fmedia&parent=21211"}],"wp:term":[{"taxonomy":"category","embeddable":true,"href":"https:\/\/obscom.intervozes.org.br\/index.php?rest_route=%2Fwp%2Fv2%2Fcategories&post=21211"},{"taxonomy":"post_tag","embeddable":true,"href":"https:\/\/obscom.intervozes.org.br\/index.php?rest_route=%2Fwp%2Fv2%2Ftags&post=21211"}],"curies":[{"name":"wp","href":"https:\/\/api.w.org\/{rel}","templated":true}]}}