{"id":21209,"date":"2008-05-20T17:33:31","date_gmt":"2008-05-20T17:33:31","guid":{"rendered":"https:\/\/obscom.intervozes.org.br\/wordpress\/?p=21209"},"modified":"2008-05-20T17:33:31","modified_gmt":"2008-05-20T17:33:31","slug":"oi-confirma-notificacao-a-anatel-e-ao-cade","status":"publish","type":"post","link":"https:\/\/obscom.intervozes.org.br\/?p=21209","title":{"rendered":"Oi confirma notifica\u00e7\u00e3o \u00e0 Anatel e ao Cade"},"content":{"rendered":"<p>A assessoria de imprensa da Oi informou que a empresa entregou hoje a notifica&ccedil;&atilde;o da compra da Brasil Telecom &agrave; Anatel e ao Cade, cumprindo assim o prazo de 15 dias &uacute;teis para comunica&ccedil;&atilde;o oficial do neg&oacute;cio aos dois &oacute;rg&atilde;os. A assinatura do primeiro documento vinculando as duas empresas ocorreu no dia 28 de abril.<\/p>\n<p>Com a notifica&ccedil;&atilde;o, a Anatel pode iniciar a tramita&ccedil;&atilde;o do processo de anu&ecirc;ncia pr&eacute;via para a compra, com o sorteio do relator e o envio da notifica&ccedil;&atilde;o &agrave;s &aacute;reas t&eacute;cnicas e jur&iacute;dica. Por&eacute;m, a autoriza&ccedil;&atilde;o para concluir o neg&oacute;cio s&oacute; poder&aacute; ser dada ap&oacute;s a aprova&ccedil;&atilde;o da mudan&ccedil;a do PGO e da publica&ccedil;&atilde;o do decreto com o novo texto.<\/p>\n<p>No Cade, o processo tamb&eacute;m receber&aacute; um relator, que dever&aacute; ser sorteado na pr&oacute;xima quarta-feira (21), e que poder&aacute; adotar medidas cautelares para prevenir a irreversibilidade do neg&oacute;cio, se provocado. O processo em si, no entanto, ser&aacute; instru&iacute;do pela Anatel, que o enviar&aacute; ao Cade. A ag&ecirc;ncia tem um prazo de 60 dias para encaminhar a instru&ccedil;&atilde;o, descontando os dias em que solicitar informa&ccedil;&otilde;es &agrave;s empresas em quest&atilde;o. <\/p>\n","protected":false},"excerpt":{"rendered":"<p>A assessoria de imprensa da Oi informou que a empresa entregou hoje a notifica&ccedil;&atilde;o da compra da Brasil Telecom &agrave; Anatel e ao Cade, cumprindo assim o prazo de 15 dias &uacute;teis para comunica&ccedil;&atilde;o oficial do neg&oacute;cio aos dois &oacute;rg&atilde;os. A assinatura do primeiro documento vinculando as duas empresas ocorreu no dia 28 de abril. &hellip; <a href=\"https:\/\/obscom.intervozes.org.br\/?p=21209\" class=\"more-link\">Continue lendo <span class=\"screen-reader-text\">Oi confirma notifica\u00e7\u00e3o \u00e0 Anatel e ao Cade<\/span> <span class=\"meta-nav\">&rarr;<\/span><\/a><\/p>\n","protected":false},"author":1,"featured_media":0,"comment_status":"open","ping_status":"open","sticky":false,"template":"","format":"standard","meta":{"footnotes":""},"categories":[40],"tags":[631],"_links":{"self":[{"href":"https:\/\/obscom.intervozes.org.br\/index.php?rest_route=\/wp\/v2\/posts\/21209"}],"collection":[{"href":"https:\/\/obscom.intervozes.org.br\/index.php?rest_route=\/wp\/v2\/posts"}],"about":[{"href":"https:\/\/obscom.intervozes.org.br\/index.php?rest_route=\/wp\/v2\/types\/post"}],"author":[{"embeddable":true,"href":"https:\/\/obscom.intervozes.org.br\/index.php?rest_route=\/wp\/v2\/users\/1"}],"replies":[{"embeddable":true,"href":"https:\/\/obscom.intervozes.org.br\/index.php?rest_route=%2Fwp%2Fv2%2Fcomments&post=21209"}],"version-history":[{"count":0,"href":"https:\/\/obscom.intervozes.org.br\/index.php?rest_route=\/wp\/v2\/posts\/21209\/revisions"}],"wp:attachment":[{"href":"https:\/\/obscom.intervozes.org.br\/index.php?rest_route=%2Fwp%2Fv2%2Fmedia&parent=21209"}],"wp:term":[{"taxonomy":"category","embeddable":true,"href":"https:\/\/obscom.intervozes.org.br\/index.php?rest_route=%2Fwp%2Fv2%2Fcategories&post=21209"},{"taxonomy":"post_tag","embeddable":true,"href":"https:\/\/obscom.intervozes.org.br\/index.php?rest_route=%2Fwp%2Fv2%2Ftags&post=21209"}],"curies":[{"name":"wp","href":"https:\/\/api.w.org\/{rel}","templated":true}]}}