{"id":21207,"date":"2008-05-20T17:20:12","date_gmt":"2008-05-20T17:20:12","guid":{"rendered":"https:\/\/obscom.intervozes.org.br\/wordpress\/?p=21207"},"modified":"2008-05-20T17:20:12","modified_gmt":"2008-05-20T17:20:12","slug":"sardenberg-preve-votacao-do-pgo-e-do-pgr-nesta-quarta","status":"publish","type":"post","link":"https:\/\/obscom.intervozes.org.br\/?p=21207","title":{"rendered":"Sardenberg prev\u00ea vota\u00e7\u00e3o do PGO e do PGR nesta quarta"},"content":{"rendered":"<p>O conselho diretor da Anatel dever&aacute; votar nesta quarta-feira (21) as propostas de modifica&ccedil;&atilde;o do PGO (Plano Geral de Outorgas) e do PGR (Plano Geral para Atualiza&ccedil;&atilde;o da Regulamenta&ccedil;&atilde;o das Telecomunica&ccedil;&otilde;es). Esta &eacute; a expectativa do presidente da ag&ecirc;ncia, Ronaldo Sardenberg, que disse ter recebido not&iacute;cias positivas sobre a possibilidade de avan&ccedil;o das duas mat&eacute;rias. <\/p>\n<p>Caso sejam aprovadas, as duas propostas ser&atilde;o submetidas &agrave; consulta p&uacute;blica por um prazo de 30 dias, quando receber&atilde;o contribui&ccedil;&otilde;es da sociedade. A altera&ccedil;&atilde;o do PGO &eacute; imprescind&iacute;vel para concretizar a compra da Brasil Telecom pela Oi, anunciada desde o dia 25 de abril.<\/p>\n<p>Na reuni&atilde;o da semana passada do conselho diretor, a proposta do PGR, que estava na pauta, deixou de ser votada em decorr&ecirc;ncia do pedido de vista pelo conselheiro Pl&iacute;nio de Aguiar J&uacute;nior. Segundo Sardenberg, o regulamento da Anatel permite o pedido de vista dos conselheiros, mas espera que as consultas que as assessorias t&eacute;cnicas est&atilde;o fazendo desde sexta-feira sejam suficientes para sanar as d&uacute;vidas dos conselheiros sobre as duas mat&eacute;rias.<\/p>\n<p>O presidente da Anatel n&atilde;o quis adiantar nenhum ponto das propostas do PGO e do PGR, afirmando que prefere manter a sua posi&ccedil;&atilde;o&nbsp; de n&atilde;o antecipar votos &ldquo;para n&atilde;o levar o mercado &agrave; loucura&rdquo;.<\/p>\n<p><strong>Anu&ecirc;ncia<\/p>\n<p><\/strong>O presidente da Anatel disse que, at&eacute; hoje de manh&atilde;, n&atilde;o tinha not&iacute;cia do pedido de anu&ecirc;ncia pr&eacute;via das duas empresas &ndash; Oi e Brasil Telecom &ndash; para que a ag&ecirc;ncia se manifeste oficialmente sobre a fus&atilde;o. Hoje, termina o prazo de 15 dias &uacute;teis desde a assinatura do primeiro documento que vincula as duas empresas para que esse pedido seja feito. Al&eacute;m do pedido de anu&ecirc;ncia &agrave; Anatel, a Oi &eacute; obrigada a notificar oficialmente o neg&oacute;cio ao Cade (Conselho Administrativo de Defesa da Concorr&ecirc;ncia), o que ainda n&atilde;o havia feito at&eacute; esta manh&atilde;.<\/p>\n<p>Sardenberg explicou que a anu&ecirc;ncia pr&eacute;via somente ser&aacute; dada ap&oacute;s a consulta p&uacute;blica da modifica&ccedil;&atilde;o do PGO, que ter&aacute; nova aprecia&ccedil;&atilde;o pelo conselho diretor j&aacute; com as sugest&otilde;es incorporadas e da publica&ccedil;&atilde;o do decreto do novo plano. Enquanto isso, o pedido de anu&ecirc;ncia pr&eacute;via pode tramitar pelas &aacute;reas t&eacute;cnica e jur&iacute;dica da ag&ecirc;ncia, ap&oacute;s a escolha, por sorteio, do conselheiro que relatar&aacute; a mat&eacute;ria.<\/p>\n<p><strong>Vaga<\/p>\n<p><\/strong>Ronaldo Sardenberg disse ainda que est&aacute; preocupado com a demora para a indica&ccedil;&atilde;o, pelo presidente da Rep&uacute;blica, do quarto conselheiro da Anatel. Ele acha que com apenas tr&ecirc;s conselheiros &eacute; grande a probabilidade de haver influ&ecirc;ncia no resultado das vota&ccedil;&otilde;es.<\/p>\n<p>A administradora Em&iacute;lia Ribeiro, que pertence ao conselho consultivo da Anatel, foi indicada pelo ministro das Comunica&ccedil;&otilde;es, H&eacute;lio Costa, no m&ecirc;s passado para a vaga, mas seu nome ainda n&atilde;o foi confirmado pelo presidente Lula.<\/p>\n<p>Em&iacute;lia Ribeiro &eacute; assessora do Senado e sua indica&ccedil;&atilde;o tem o apoio do PMDB e, principalmente, do senador Jos&eacute; Sarney (PMDB-AP). Se a indica&ccedil;&atilde;o for aprovada pelo Senado, ela assumir&aacute; a vaga aberta, em novembro do ano passado, com a sa&iacute;da de Jos&eacute; Leite Pereira Filho.<\/p>\n","protected":false},"excerpt":{"rendered":"<p>O conselho diretor da Anatel dever&aacute; votar nesta quarta-feira (21) as propostas de modifica&ccedil;&atilde;o do PGO (Plano Geral de Outorgas) e do PGR (Plano Geral para Atualiza&ccedil;&atilde;o da Regulamenta&ccedil;&atilde;o das Telecomunica&ccedil;&otilde;es). Esta &eacute; a expectativa do presidente da ag&ecirc;ncia, Ronaldo Sardenberg, que disse ter recebido not&iacute;cias positivas sobre a possibilidade de avan&ccedil;o das duas mat&eacute;rias. &hellip; <a href=\"https:\/\/obscom.intervozes.org.br\/?p=21207\" class=\"more-link\">Continue lendo <span class=\"screen-reader-text\">Sardenberg prev\u00ea vota\u00e7\u00e3o do PGO e do PGR nesta quarta<\/span> <span class=\"meta-nav\">&rarr;<\/span><\/a><\/p>\n","protected":false},"author":1,"featured_media":0,"comment_status":"open","ping_status":"open","sticky":false,"template":"","format":"standard","meta":{"footnotes":""},"categories":[40],"tags":[307],"_links":{"self":[{"href":"https:\/\/obscom.intervozes.org.br\/index.php?rest_route=\/wp\/v2\/posts\/21207"}],"collection":[{"href":"https:\/\/obscom.intervozes.org.br\/index.php?rest_route=\/wp\/v2\/posts"}],"about":[{"href":"https:\/\/obscom.intervozes.org.br\/index.php?rest_route=\/wp\/v2\/types\/post"}],"author":[{"embeddable":true,"href":"https:\/\/obscom.intervozes.org.br\/index.php?rest_route=\/wp\/v2\/users\/1"}],"replies":[{"embeddable":true,"href":"https:\/\/obscom.intervozes.org.br\/index.php?rest_route=%2Fwp%2Fv2%2Fcomments&post=21207"}],"version-history":[{"count":0,"href":"https:\/\/obscom.intervozes.org.br\/index.php?rest_route=\/wp\/v2\/posts\/21207\/revisions"}],"wp:attachment":[{"href":"https:\/\/obscom.intervozes.org.br\/index.php?rest_route=%2Fwp%2Fv2%2Fmedia&parent=21207"}],"wp:term":[{"taxonomy":"category","embeddable":true,"href":"https:\/\/obscom.intervozes.org.br\/index.php?rest_route=%2Fwp%2Fv2%2Fcategories&post=21207"},{"taxonomy":"post_tag","embeddable":true,"href":"https:\/\/obscom.intervozes.org.br\/index.php?rest_route=%2Fwp%2Fv2%2Ftags&post=21207"}],"curies":[{"name":"wp","href":"https:\/\/api.w.org\/{rel}","templated":true}]}}