{"id":21204,"date":"2008-05-20T17:11:29","date_gmt":"2008-05-20T17:11:29","guid":{"rendered":"https:\/\/obscom.intervozes.org.br\/wordpress\/?p=21204"},"modified":"2008-05-20T17:11:29","modified_gmt":"2008-05-20T17:11:29","slug":"anatel-reforcara-cooperacao-com-paises-vizinhos-para-reduzir-diferencas","status":"publish","type":"post","link":"https:\/\/obscom.intervozes.org.br\/?p=21204","title":{"rendered":"Anatel refor\u00e7ar\u00e1 coopera\u00e7\u00e3o com pa\u00edses vizinhos para reduzir diferen\u00e7as"},"content":{"rendered":"<p>A Ag&ecirc;ncia Nacional de Telecomunica&ccedil;&otilde;es (Anatel) refor&ccedil;ar&aacute;, a partir do segundo semente, os entendimentos de coopera&ccedil;&atilde;o&nbsp; com todos os pa&iacute;ses da regi&atilde;o das Am&eacute;ricas no campo das telecomunica&ccedil;&otilde;es. A informa&ccedil;&atilde;o foi dada hoje pelo presidente da ag&ecirc;ncia, embaixador Ronaldo Sardenberg, durante a abertura do F&oacute;rum de Desenvolvimento Regional 2008 da UIT (Uni&atilde;o Internacional de Telecomunica&ccedil;&otilde;es).<\/p>\n<p>O objetivo &eacute; reduzir as diferen&ccedil;as t&eacute;cnicas e de normatiza&ccedil;&atilde;o especialmente com os pa&iacute;ses vizinhos, de maneira que a quest&atilde;o das telecomunica&ccedil;&otilde;es deixe de ser pensada s&oacute; internamente, mas de como ela acontece em toda a regi&atilde;o. Sardenberg defendeu tamb&eacute;m que haja uma avan&ccedil;o na &aacute;rea de normatiza&ccedil;&atilde;o e padroniza&ccedil;&atilde;o, capitaneado pelos pa&iacute;ses desenvolvidos, para reduzir as lacunas existente com os pa&iacute;ses em desenvolvimento. &ldquo;O Brasil est&aacute; a vontade para falar nisso porque tem alcan&ccedil;ado progressos extraordin&aacute;rio, &eacute; um exemplo de bom resultado, de &ecirc;xito&rdquo;, disse.<\/p>\n<p>O secret&aacute;rio da Comiss&atilde;o Interamericana de Telecomunica&ccedil;&otilde;es (Citel), Cl&oacute;vis Baptista, e o diretor do Escrit&oacute;rio de Normaliza&ccedil;&atilde;o das Telecomunica&ccedil;&otilde;es da Uni&atilde;o Internacional de Telecomunica&ccedil;&otilde;es (UIT), Malcolm Johnson, tamb&eacute;m participaram da abertura do f&oacute;rum, cujo objetivo &eacute; a prepara&ccedil;&atilde;o da regi&atilde;o das Am&eacute;ricas para a Assembl&eacute;ia Mundial de Normaliza&ccedil;&atilde;o das Telecomunica&ccedil;&otilde;es 2008 (AMNT-08) da Uni&atilde;o Internacional de Telecomunica&ccedil;&otilde;es (UIT), evento promovido no per&iacute;odo de 21 a 30 de outubro, na cidade de Joanesburgo, &Aacute;frica do Sul.<\/p>\n<p>Em seguida, nos dias 21 e 22, ocorrer&aacute; a Reuni&atilde;o Preparat&oacute;ria das Am&eacute;ricas da UIT-T para a AMNT-08. Esta reuni&atilde;o ter&aacute; acesso restrito aos Estados Membros da UIT e Membros do Setor de Normaliza&ccedil;&atilde;o (UIT-T). <\/p>\n<p>Na sexta-feira, dia 23 , ser&aacute; realizada a Reuni&atilde;o Extraordin&aacute;ria do Grupo de Trabalho de Prepara&ccedil;&atilde;o para a AMNT-08 do Comit&ecirc; Consultivo Permanente I &#8211; Telecomunica&ccedil;&otilde;es (CCP.I) da Comiss&atilde;o Interamericana de Telecomunica&ccedil;&otilde;es (Citel),com acesso restrito aos delegados inscritos na Citel.<\/p>\n<p>Esses eventos t&ecirc;m o objetivo de disseminar a import&acirc;ncia da ado&ccedil;&atilde;o de normas e padr&otilde;es de telecomunica&ccedil;&otilde;es nacional e internacionalmente, promover discuss&atilde;o de assuntos sobre normaliza&ccedil;&atilde;o entre os Estados Membros e entre Membros e n&atilde;o-Membros da UIT-T, e desenvolver entendimento regional sobre os principais temas que ser&atilde;o discutidos na AMNT-08.<\/p>\n","protected":false},"excerpt":{"rendered":"<p>A Ag&ecirc;ncia Nacional de Telecomunica&ccedil;&otilde;es (Anatel) refor&ccedil;ar&aacute;, a partir do segundo semente, os entendimentos de coopera&ccedil;&atilde;o&nbsp; com todos os pa&iacute;ses da regi&atilde;o das Am&eacute;ricas no campo das telecomunica&ccedil;&otilde;es. A informa&ccedil;&atilde;o foi dada hoje pelo presidente da ag&ecirc;ncia, embaixador Ronaldo Sardenberg, durante a abertura do F&oacute;rum de Desenvolvimento Regional 2008 da UIT (Uni&atilde;o Internacional de Telecomunica&ccedil;&otilde;es). &hellip; <a href=\"https:\/\/obscom.intervozes.org.br\/?p=21204\" class=\"more-link\">Continue lendo <span class=\"screen-reader-text\">Anatel refor\u00e7ar\u00e1 coopera\u00e7\u00e3o com pa\u00edses vizinhos para reduzir diferen\u00e7as<\/span> <span class=\"meta-nav\">&rarr;<\/span><\/a><\/p>\n","protected":false},"author":1,"featured_media":0,"comment_status":"open","ping_status":"open","sticky":false,"template":"","format":"standard","meta":{"footnotes":""},"categories":[40],"tags":[81],"_links":{"self":[{"href":"https:\/\/obscom.intervozes.org.br\/index.php?rest_route=\/wp\/v2\/posts\/21204"}],"collection":[{"href":"https:\/\/obscom.intervozes.org.br\/index.php?rest_route=\/wp\/v2\/posts"}],"about":[{"href":"https:\/\/obscom.intervozes.org.br\/index.php?rest_route=\/wp\/v2\/types\/post"}],"author":[{"embeddable":true,"href":"https:\/\/obscom.intervozes.org.br\/index.php?rest_route=\/wp\/v2\/users\/1"}],"replies":[{"embeddable":true,"href":"https:\/\/obscom.intervozes.org.br\/index.php?rest_route=%2Fwp%2Fv2%2Fcomments&post=21204"}],"version-history":[{"count":0,"href":"https:\/\/obscom.intervozes.org.br\/index.php?rest_route=\/wp\/v2\/posts\/21204\/revisions"}],"wp:attachment":[{"href":"https:\/\/obscom.intervozes.org.br\/index.php?rest_route=%2Fwp%2Fv2%2Fmedia&parent=21204"}],"wp:term":[{"taxonomy":"category","embeddable":true,"href":"https:\/\/obscom.intervozes.org.br\/index.php?rest_route=%2Fwp%2Fv2%2Fcategories&post=21204"},{"taxonomy":"post_tag","embeddable":true,"href":"https:\/\/obscom.intervozes.org.br\/index.php?rest_route=%2Fwp%2Fv2%2Ftags&post=21204"}],"curies":[{"name":"wp","href":"https:\/\/api.w.org\/{rel}","templated":true}]}}