{"id":21199,"date":"2008-05-20T15:16:36","date_gmt":"2008-05-20T15:16:36","guid":{"rendered":"https:\/\/obscom.intervozes.org.br\/wordpress\/?p=21199"},"modified":"2008-05-20T15:16:36","modified_gmt":"2008-05-20T15:16:36","slug":"bahia-realiza-encontro-preparatorio-para-sua-1a-conferencia-estadual-de-comunicacao","status":"publish","type":"post","link":"https:\/\/obscom.intervozes.org.br\/?p=21199","title":{"rendered":"Bahia realiza encontro preparat\u00f3rio para sua 1\u00aa Confer\u00eancia Estadual de Comunica\u00e7\u00e3o"},"content":{"rendered":"\n<p>Entre os dia 4 e 6 de junho acontece, em Salvador, a 1&ordf; Confer&ecirc;ncia Livre de Comunica&ccedil;&atilde;o da Bahia. O encontro, realizado pelo Coletivo Baiano pela Democratiza&ccedil;&atilde;o da Comunica&ccedil;&atilde;o, com o apoio da Funda&ccedil;&atilde;o Friedrich Ebert, pretende reunir representantes de movimentos sociais e estudantis em prepara&ccedil;&atilde;o para a 1&ordf; Confer&ecirc;ncia Estadual de Comunica&ccedil;&atilde;o.<\/p>\n<p class=\"MsoNormal\">Inscri&ccedil;&otilde;es e informa&ccedil;&otilde;es pelo e-mail comunica&ccedil;&atilde;o@cipo.org.br ou pelo site www.comunica-bahia.blogspot.com.<\/p>\n","protected":false},"excerpt":{"rendered":"<p>Entre os dia 4 e 6 de junho acontece, em Salvador, a 1&ordf; Confer&ecirc;ncia Livre de Comunica&ccedil;&atilde;o da Bahia. O encontro, realizado pelo Coletivo Baiano pela Democratiza&ccedil;&atilde;o da Comunica&ccedil;&atilde;o, com o apoio da Funda&ccedil;&atilde;o Friedrich Ebert, pretende reunir representantes de movimentos sociais e estudantis em prepara&ccedil;&atilde;o para a 1&ordf; Confer&ecirc;ncia Estadual de Comunica&ccedil;&atilde;o. Inscri&ccedil;&otilde;es e &hellip; <a href=\"https:\/\/obscom.intervozes.org.br\/?p=21199\" class=\"more-link\">Continue lendo <span class=\"screen-reader-text\">Bahia realiza encontro preparat\u00f3rio para sua 1\u00aa Confer\u00eancia Estadual de Comunica\u00e7\u00e3o<\/span> <span class=\"meta-nav\">&rarr;<\/span><\/a><\/p>\n","protected":false},"author":1,"featured_media":0,"comment_status":"open","ping_status":"open","sticky":false,"template":"","format":"standard","meta":{"footnotes":""},"categories":[39],"tags":[194],"_links":{"self":[{"href":"https:\/\/obscom.intervozes.org.br\/index.php?rest_route=\/wp\/v2\/posts\/21199"}],"collection":[{"href":"https:\/\/obscom.intervozes.org.br\/index.php?rest_route=\/wp\/v2\/posts"}],"about":[{"href":"https:\/\/obscom.intervozes.org.br\/index.php?rest_route=\/wp\/v2\/types\/post"}],"author":[{"embeddable":true,"href":"https:\/\/obscom.intervozes.org.br\/index.php?rest_route=\/wp\/v2\/users\/1"}],"replies":[{"embeddable":true,"href":"https:\/\/obscom.intervozes.org.br\/index.php?rest_route=%2Fwp%2Fv2%2Fcomments&post=21199"}],"version-history":[{"count":0,"href":"https:\/\/obscom.intervozes.org.br\/index.php?rest_route=\/wp\/v2\/posts\/21199\/revisions"}],"wp:attachment":[{"href":"https:\/\/obscom.intervozes.org.br\/index.php?rest_route=%2Fwp%2Fv2%2Fmedia&parent=21199"}],"wp:term":[{"taxonomy":"category","embeddable":true,"href":"https:\/\/obscom.intervozes.org.br\/index.php?rest_route=%2Fwp%2Fv2%2Fcategories&post=21199"},{"taxonomy":"post_tag","embeddable":true,"href":"https:\/\/obscom.intervozes.org.br\/index.php?rest_route=%2Fwp%2Fv2%2Ftags&post=21199"}],"curies":[{"name":"wp","href":"https:\/\/api.w.org\/{rel}","templated":true}]}}