{"id":21197,"date":"2008-05-20T12:28:32","date_gmt":"2008-05-20T12:28:32","guid":{"rendered":"https:\/\/obscom.intervozes.org.br\/wordpress\/?p=21197"},"modified":"2008-05-20T12:28:32","modified_gmt":"2008-05-20T12:28:32","slug":"fusao-oibrt-sera-debatida-na-camara-em-duas-audiencias-nos-dias-29-de-maio-e-3-de-junho","status":"publish","type":"post","link":"https:\/\/obscom.intervozes.org.br\/?p=21197","title":{"rendered":"Fus\u00e3o Oi\/BrT ser\u00e1 debatida na C\u00e2mara em duas audi\u00eancias, nos dias 29 de maio e 3 de junho"},"content":{"rendered":"<p><span>Foi confirmado que&nbsp;a fus&atilde;o da Brasil Telecom com a Oi ser&aacute; debatida na Comiss&atilde;o de Ci&ecirc;ncia e Tecnologia, Comunica&ccedil;&atilde;o e Inform&aacute;tica da C&acirc;mara em duas audi&ecirc;ncias p&uacute;blicas. A primeira acontecer&aacute;&nbsp;em 29 de maio e reunir&aacute; os presidentes das duas empresas Ricardo Knoepfelmacher (BrT) e Luiz Eduardo Falco (Oi).<\/p>\n<p><\/span><span>Na semana seguinte, no dia 3 de junho, ser&aacute; a vez do ministro das Comunica&ccedil;&otilde;es, H&eacute;lio Costa; do presidente da Anatel, embaixador Ronaldo Sardenberg; e do presidente do BNDES, Luciano Coutinho, prestarem esclarecimentos sobre a opera&ccedil;&atilde;o. A divis&atilde;o dos debates atendeu a pedido do deputado J&uacute;lio Semeghini (PSDB-SP), que argumentou a necessidade de se evitar o &#39;confronto&#39; entre empresas e &oacute;rg&atilde;os p&uacute;blicos.<\/p>\n<p><\/span><span>As audi&ecirc;ncias, que ser&atilde;o realizada em conjunto com a Comiss&atilde;o de Defesa do Consumidor.<\/p>\n<p>* Com informa&ccedil;&otilde;es da TeleS&iacute;ntese.<\/span><\/p>\n","protected":false},"excerpt":{"rendered":"<p>Foi confirmado que&nbsp;a fus&atilde;o da Brasil Telecom com a Oi ser&aacute; debatida na Comiss&atilde;o de Ci&ecirc;ncia e Tecnologia, Comunica&ccedil;&atilde;o e Inform&aacute;tica da C&acirc;mara em duas audi&ecirc;ncias p&uacute;blicas. A primeira acontecer&aacute;&nbsp;em 29 de maio e reunir&aacute; os presidentes das duas empresas Ricardo Knoepfelmacher (BrT) e Luiz Eduardo Falco (Oi). Na semana seguinte, no dia 3 de &hellip; <a href=\"https:\/\/obscom.intervozes.org.br\/?p=21197\" class=\"more-link\">Continue lendo <span class=\"screen-reader-text\">Fus\u00e3o Oi\/BrT ser\u00e1 debatida na C\u00e2mara em duas audi\u00eancias, nos dias 29 de maio e 3 de junho<\/span> <span class=\"meta-nav\">&rarr;<\/span><\/a><\/p>\n","protected":false},"author":1,"featured_media":0,"comment_status":"open","ping_status":"open","sticky":false,"template":"","format":"standard","meta":{"footnotes":""},"categories":[39],"tags":[],"_links":{"self":[{"href":"https:\/\/obscom.intervozes.org.br\/index.php?rest_route=\/wp\/v2\/posts\/21197"}],"collection":[{"href":"https:\/\/obscom.intervozes.org.br\/index.php?rest_route=\/wp\/v2\/posts"}],"about":[{"href":"https:\/\/obscom.intervozes.org.br\/index.php?rest_route=\/wp\/v2\/types\/post"}],"author":[{"embeddable":true,"href":"https:\/\/obscom.intervozes.org.br\/index.php?rest_route=\/wp\/v2\/users\/1"}],"replies":[{"embeddable":true,"href":"https:\/\/obscom.intervozes.org.br\/index.php?rest_route=%2Fwp%2Fv2%2Fcomments&post=21197"}],"version-history":[{"count":0,"href":"https:\/\/obscom.intervozes.org.br\/index.php?rest_route=\/wp\/v2\/posts\/21197\/revisions"}],"wp:attachment":[{"href":"https:\/\/obscom.intervozes.org.br\/index.php?rest_route=%2Fwp%2Fv2%2Fmedia&parent=21197"}],"wp:term":[{"taxonomy":"category","embeddable":true,"href":"https:\/\/obscom.intervozes.org.br\/index.php?rest_route=%2Fwp%2Fv2%2Fcategories&post=21197"},{"taxonomy":"post_tag","embeddable":true,"href":"https:\/\/obscom.intervozes.org.br\/index.php?rest_route=%2Fwp%2Fv2%2Ftags&post=21197"}],"curies":[{"name":"wp","href":"https:\/\/api.w.org\/{rel}","templated":true}]}}