{"id":21194,"date":"2008-05-19T16:03:43","date_gmt":"2008-05-19T16:03:43","guid":{"rendered":"https:\/\/obscom.intervozes.org.br\/wordpress\/?p=21194"},"modified":"2008-05-19T16:03:43","modified_gmt":"2008-05-19T16:03:43","slug":"arrecadacao-de-direitos-autorais-nas-areas-de-cinema-e-musica-e-tema-de-audiencia","status":"publish","type":"post","link":"https:\/\/obscom.intervozes.org.br\/?p=21194","title":{"rendered":"Arrecada\u00e7\u00e3o de direitos autorais nas \u00e1reas de cinema e m\u00fasica \u00e9 tema de audi\u00eancia"},"content":{"rendered":"<p>A Comiss&atilde;o de Educa&ccedil;&atilde;o, Cultura e Esporte (CE), em conjunto com a Subcomiss&atilde;o Permanente de Cinema, Teatro, M&uacute;sica e Comunica&ccedil;&atilde;o Social, far&aacute; uma audi&ecirc;ncia p&uacute;blica, na ter&ccedil;a-feira (20), para discutir quest&otilde;es relativas aos direitos autorais nas &aacute;reas de cinema e de m&uacute;sica. A reuni&atilde;o, que est&aacute; marcada para as 10h, tamb&eacute;m ir&aacute; tratar do desempenho do Escrit&oacute;rio Central de Arrecada&ccedil;&atilde;o e Distribui&ccedil;&atilde;o (Ecad).<\/p>\n<p>Foram convidados a participar da audi&ecirc;ncia o presidente executivo da Associa&ccedil;&atilde;o Brasileira de TV (Abta), Alexandre Annenberg; o diretor tesoureiro da Associa&ccedil;&atilde;o Brasileira de M&uacute;sicas e Artes (Abramus), Jos&eacute; de Ara&uacute;jo Novaes Neto; o presidente da Associa&ccedil;&atilde;o Paulista de Cineastas (Apaci), &Iacute;caro Martins; o coordenador-geral de direito autoral da Secretaria de Pol&iacute;ticas Culturais do Minist&eacute;rio da Cultura, Marcos Alves Souza; o professor da PUC\/SP e especialista nas &aacute;reas de propriedade intelectual, audiovisual e comunica&ccedil;&atilde;o social, Marcos Alberto Sant&#39;anna Bitelli; e o vice-presidente da Associa&ccedil;&atilde;o Brasileira de M&uacute;sica Independente (Abmi), Francisco Jo&atilde;o Moreir&atilde;o de Magalh&atilde;es.<\/p>\n<p>No requerimento que solicita a audi&ecirc;ncia, os autores Raimundo Colombo (DEM-SC), Fl&aacute;vio Arns (PT-PR) e Flexa Ribeiro (PSDB-PA) afirmam que a cobran&ccedil;a dos direitos autorais tem sido objeto de pol&ecirc;mica por parte dos usu&aacute;rios desse servi&ccedil;o, particularmente nas &aacute;reas de audiovisual, cinema e m&uacute;sica. Os parlamentares dizem que tem havido questionamentos, dentre outros assuntos, quanto a cobran&ccedil;as de direitos autorais por m&uacute;sicas inclu&iacute;das em filme e da cobran&ccedil;a de direitos autorais de hot&eacute;is, mot&eacute;is, restaurantes, cabeleireiros, reparti&ccedil;&otilde;es p&uacute;blicas e pequenos estabelecimentos que sintonizam emissoras de r&aacute;dio.<\/p>\n<p>O Ecad &eacute; uma sociedade civil administrada por dez associa&ccedil;&otilde;es de m&uacute;sica, que tem como fun&ccedil;&atilde;o realizar a arrecada&ccedil;&atilde;o e a distribui&ccedil;&atilde;o de direitos autorais decorrentes da execu&ccedil;&atilde;o p&uacute;blica de m&uacute;sicas nacionais e estrangeiras. Sediada no Rio de Janeiro, a entidade conta com 23 unidades arrecadadoras e 240 ag&ecirc;ncias aut&ocirc;nomas instaladas em todos os estados. De acordo com informa&ccedil;&otilde;es do site do escrit&oacute;rio central, o controle de informa&ccedil;&otilde;es &eacute; realizado por um sistema de dados totalmente informatizado e que possui cadastrados 262 mil titulares diferentes. Atualmente, o Ecad tem catalogados 1,15 milh&atilde;o de obras e 581 mil fonogramas, que contabilizam todas as vers&otilde;es registradas de cada m&uacute;sica, e envia por m&ecirc;s entre 40 a 50 mil boletos banc&aacute;rios de cobran&ccedil;a de direitos autorais. <\/p>\n","protected":false},"excerpt":{"rendered":"<p>A Comiss&atilde;o de Educa&ccedil;&atilde;o, Cultura e Esporte (CE), em conjunto com a Subcomiss&atilde;o Permanente de Cinema, Teatro, M&uacute;sica e Comunica&ccedil;&atilde;o Social, far&aacute; uma audi&ecirc;ncia p&uacute;blica, na ter&ccedil;a-feira (20), para discutir quest&otilde;es relativas aos direitos autorais nas &aacute;reas de cinema e de m&uacute;sica. A reuni&atilde;o, que est&aacute; marcada para as 10h, tamb&eacute;m ir&aacute; tratar do desempenho &hellip; <a href=\"https:\/\/obscom.intervozes.org.br\/?p=21194\" class=\"more-link\">Continue lendo <span class=\"screen-reader-text\">Arrecada\u00e7\u00e3o de direitos autorais nas \u00e1reas de cinema e m\u00fasica \u00e9 tema de audi\u00eancia<\/span> <span class=\"meta-nav\">&rarr;<\/span><\/a><\/p>\n","protected":false},"author":1,"featured_media":0,"comment_status":"open","ping_status":"open","sticky":false,"template":"","format":"standard","meta":{"footnotes":""},"categories":[40],"tags":[407],"_links":{"self":[{"href":"https:\/\/obscom.intervozes.org.br\/index.php?rest_route=\/wp\/v2\/posts\/21194"}],"collection":[{"href":"https:\/\/obscom.intervozes.org.br\/index.php?rest_route=\/wp\/v2\/posts"}],"about":[{"href":"https:\/\/obscom.intervozes.org.br\/index.php?rest_route=\/wp\/v2\/types\/post"}],"author":[{"embeddable":true,"href":"https:\/\/obscom.intervozes.org.br\/index.php?rest_route=\/wp\/v2\/users\/1"}],"replies":[{"embeddable":true,"href":"https:\/\/obscom.intervozes.org.br\/index.php?rest_route=%2Fwp%2Fv2%2Fcomments&post=21194"}],"version-history":[{"count":0,"href":"https:\/\/obscom.intervozes.org.br\/index.php?rest_route=\/wp\/v2\/posts\/21194\/revisions"}],"wp:attachment":[{"href":"https:\/\/obscom.intervozes.org.br\/index.php?rest_route=%2Fwp%2Fv2%2Fmedia&parent=21194"}],"wp:term":[{"taxonomy":"category","embeddable":true,"href":"https:\/\/obscom.intervozes.org.br\/index.php?rest_route=%2Fwp%2Fv2%2Fcategories&post=21194"},{"taxonomy":"post_tag","embeddable":true,"href":"https:\/\/obscom.intervozes.org.br\/index.php?rest_route=%2Fwp%2Fv2%2Ftags&post=21194"}],"curies":[{"name":"wp","href":"https:\/\/api.w.org\/{rel}","templated":true}]}}