{"id":21193,"date":"2008-05-19T16:01:20","date_gmt":"2008-05-19T16:01:20","guid":{"rendered":"https:\/\/obscom.intervozes.org.br\/wordpress\/?p=21193"},"modified":"2008-05-19T16:01:20","modified_gmt":"2008-05-19T16:01:20","slug":"apos-critica-do-idec-minicom-vai-reforcar-divulgacao-de-consulta","status":"publish","type":"post","link":"https:\/\/obscom.intervozes.org.br\/?p=21193","title":{"rendered":"Ap\u00f3s cr\u00edtica do Idec, Minicom vai refor\u00e7ar divulga\u00e7\u00e3o de consulta"},"content":{"rendered":"<p>O Minist&eacute;rio das Comunica&ccedil;&otilde;es vai refor&ccedil;ar a divulga&ccedil;&atilde;o da consulta p&uacute;blica sobre a pol&iacute;tica de telecomunica&ccedil;&otilde;es, em atendimento a solicita&ccedil;&atilde;o do Idec (Instituto Brasileiro de Defesa do Consumidor) que, em carta, questiona a pouca publicidade dada ao tema. Por&eacute;m n&atilde;o concorda com as den&uacute;ncias, nem se manifestou ainda sobre outras duas reclama&ccedil;&otilde;es do &oacute;rg&atilde;o, do uso demasiado de termos t&eacute;cnicos, que dificulta a participa&ccedil;&atilde;o do cidad&atilde;o comum, e do prazo curto para envio de contribui&ccedil;&otilde;es, que ser&aacute; encerrado no pr&oacute;ximo dia 2 de junho. <\/p>\n<p>Al&eacute;m disso, o Idec se queixa da discuss&atilde;o de pol&iacute;tica de telecomunica&ccedil;&otilde;es pela Anatel, sem deixar claro como esse processo ser&aacute; integrado ao conduzido pelo Minicom. De acordo com o assessor t&eacute;cnico do &oacute;rg&atilde;o, Marcos P&oacute;, a divulga&ccedil;&atilde;o da consulta p&uacute;blica, que nem est&aacute; mantida em destaque no site do Minicom, n&atilde;o cumpre o requisito b&aacute;sico de estimular a participa&ccedil;&atilde;o da sociedade. &quot;Para que todos possam efetivamente participar de um debate &eacute; necess&aacute;rio saber que ele est&aacute; acontecendo. Al&eacute;m de existir pouca divulga&ccedil;&atilde;o nos canais de comunica&ccedil;&atilde;o do Minist&eacute;rio, as pessoas interessadas t&ecirc;m que percorrer um caminho pouco claro e se cadastrar, para s&oacute; depois conseguir acessar o documento&quot;, disse.<\/p>\n<p>As informa&ccedil;&otilde;es s&atilde;o da TeleS&iacute;ntese.<\/p>\n","protected":false},"excerpt":{"rendered":"<p>O Minist&eacute;rio das Comunica&ccedil;&otilde;es vai refor&ccedil;ar a divulga&ccedil;&atilde;o da consulta p&uacute;blica sobre a pol&iacute;tica de telecomunica&ccedil;&otilde;es, em atendimento a solicita&ccedil;&atilde;o do Idec (Instituto Brasileiro de Defesa do Consumidor) que, em carta, questiona a pouca publicidade dada ao tema. Por&eacute;m n&atilde;o concorda com as den&uacute;ncias, nem se manifestou ainda sobre outras duas reclama&ccedil;&otilde;es do &oacute;rg&atilde;o, do &hellip; <a href=\"https:\/\/obscom.intervozes.org.br\/?p=21193\" class=\"more-link\">Continue lendo <span class=\"screen-reader-text\">Ap\u00f3s cr\u00edtica do Idec, Minicom vai refor\u00e7ar divulga\u00e7\u00e3o de consulta<\/span> <span class=\"meta-nav\">&rarr;<\/span><\/a><\/p>\n","protected":false},"author":1,"featured_media":0,"comment_status":"open","ping_status":"open","sticky":false,"template":"","format":"standard","meta":{"footnotes":""},"categories":[39],"tags":[],"_links":{"self":[{"href":"https:\/\/obscom.intervozes.org.br\/index.php?rest_route=\/wp\/v2\/posts\/21193"}],"collection":[{"href":"https:\/\/obscom.intervozes.org.br\/index.php?rest_route=\/wp\/v2\/posts"}],"about":[{"href":"https:\/\/obscom.intervozes.org.br\/index.php?rest_route=\/wp\/v2\/types\/post"}],"author":[{"embeddable":true,"href":"https:\/\/obscom.intervozes.org.br\/index.php?rest_route=\/wp\/v2\/users\/1"}],"replies":[{"embeddable":true,"href":"https:\/\/obscom.intervozes.org.br\/index.php?rest_route=%2Fwp%2Fv2%2Fcomments&post=21193"}],"version-history":[{"count":0,"href":"https:\/\/obscom.intervozes.org.br\/index.php?rest_route=\/wp\/v2\/posts\/21193\/revisions"}],"wp:attachment":[{"href":"https:\/\/obscom.intervozes.org.br\/index.php?rest_route=%2Fwp%2Fv2%2Fmedia&parent=21193"}],"wp:term":[{"taxonomy":"category","embeddable":true,"href":"https:\/\/obscom.intervozes.org.br\/index.php?rest_route=%2Fwp%2Fv2%2Fcategories&post=21193"},{"taxonomy":"post_tag","embeddable":true,"href":"https:\/\/obscom.intervozes.org.br\/index.php?rest_route=%2Fwp%2Fv2%2Ftags&post=21193"}],"curies":[{"name":"wp","href":"https:\/\/api.w.org\/{rel}","templated":true}]}}