{"id":21192,"date":"2008-05-19T15:58:42","date_gmt":"2008-05-19T15:58:42","guid":{"rendered":"https:\/\/obscom.intervozes.org.br\/wordpress\/?p=21192"},"modified":"2008-05-19T15:58:42","modified_gmt":"2008-05-19T15:58:42","slug":"indice-para-reajuste-da-telefonia-fixa-ja-e-10-maior-que-em-2007","status":"publish","type":"post","link":"https:\/\/obscom.intervozes.org.br\/?p=21192","title":{"rendered":"\u00cdndice para reajuste da telefonia fixa j\u00e1 \u00e9 10% maior que em 2007"},"content":{"rendered":"<p>Faltando considerar as varia&ccedil;&otilde;es de abril e maio para se obter o &iacute;ndice que vai reajustar a telefonia fixa local e de longa dist&acirc;ncia em 1&ordm; de julho, bem como as liga&ccedil;&otilde;es de fixo para m&oacute;vel, o IST (&iacute;ndice de Servi&ccedil;os de Telecomunica&ccedil;&otilde;es) j&aacute; acumula um aumento de 3,19% nos &uacute;ltimos dez meses, considerados entre maio de 2007 e mar&ccedil;o de 2008. O c&aacute;lculo se baseia na s&eacute;rie hist&oacute;rica do IST dispon&iacute;vel no site da Anatel.<\/p>\n<p>O &iacute;ndice cheio do IST, que orientou o reajuste do ano passado, de 2,91%, j&aacute; foi superado em quase 10% e, diante das press&otilde;es inflacion&aacute;rias que v&ecirc;m puxando todos os &iacute;ndices de pre&ccedil;os para cima h&aacute; cerca de dois meses, a tend&ecirc;ncia &eacute; que fique bem maior que o anterior. Isso poderia sinalizar um reajuste nas tarifas maior que o de 2007, quando a ag&ecirc;ncia autorizou 1,83% de aumento para a Oi\/Telemar; 2,13% para a Brasil Telecom; e 2,2% para a Telef&ocirc;nica.&nbsp; <\/p>\n<p>Segundo apurou o Telecom Online, as negocia&ccedil;&otilde;es t&eacute;cnicas e an&aacute;lises de dados que comp&otilde;em a f&oacute;rmula do reajuste j&aacute; est&atilde;o em andamento com as concession&aacute;rias. &Eacute; quando fatores determinantes para aplica&ccedil;&atilde;o do reajuste come&ccedil;am a ser acompanhados diuturnamente pelo setor de pre&ccedil;os do &oacute;rg&atilde;o regulador. <\/p>\n<p>Entre eles est&atilde;o o n&uacute;mero m&eacute;dio de telefones fixos no plano b&aacute;sico e a quantidade de minutos de conversa&ccedil;&atilde;o trafegada pela rede da concession&aacute;ria, bem como os dados e indicadores que v&atilde;o regar o fator de produtividade, ou fator X, que teve grande varia&ccedil;&atilde;o no ano passado: o da Telef&ocirc;nica e da Sercomtel (Londrina\/PR) foi o menor (0,8842%), seguido da Brasil Telecom (0,7492%), da CTBC (0,8774%), Oi (1,0469%) e Embratel (4,2665%). Os dados mostram que a Oi registra desempenho melhor que sua futura controlada, a Brasil Telecom.&nbsp; <\/p>\n<p>Quanto maior o fator X, menor o reajuste, como mostra o exemplo da Embratel, a qual a produtividade mais elevada resultou numa redu&ccedil;&atilde;o m&eacute;dia de 1,4811% no valor das tarifas de longa dist&acirc;ncia em 2007. O reajuste foi negativo. Neste ano, a infla&ccedil;&atilde;o em alta pode ser compensada com a nova f&oacute;rmula do fator de produtividade, que ser&aacute; repassado &agrave; propor&ccedil;&atilde;o de 75% ao usu&aacute;rio, contra os 50% do ano passado. <\/p>\n<p>A f&oacute;rmula tamb&eacute;m considera o valor m&eacute;dio das assinaturas residencial, n&atilde;o-residencial e tronco e o peso que cada um desses itens tem no reajuste. Com quase 70% do total, os terminais residenciais tem maior peso, enquanto, os n&atilde;o-residenciais t&ecirc;m peso menor que 20% e, terminais tronco, pouco mais de 10%. Tudo isso &eacute; multiplicado pelo valor atual do minuto, para se obter o novo pre&ccedil;o a ser pago pelo usu&aacute;rio.<\/p>\n<p>A atual queda no n&uacute;mero de telefones residenciais acaba, segundo a fonte, engessando o sistema de excurs&atilde;o, por causa do peso preponderante desse item na composi&ccedil;&atilde;o da f&oacute;rmula. A excurs&atilde;o permite compensa&ccedil;&otilde;es entre a tarifa de assinatura e a do pre&ccedil;o do minuto. Pode-se carregar mais no reajuste de um item, como foi feito durante anos com a assinatura, e compensar com redu&ccedil;&atilde;o correspondente em outro. Mas, dessa vez, a expectativa &eacute; que n&atilde;o haja &ndash; ou muito pouco &#8211; excurs&atilde;o na tarifa local, a exemplo de 2007.<\/p>\n","protected":false},"excerpt":{"rendered":"<p>Faltando considerar as varia&ccedil;&otilde;es de abril e maio para se obter o &iacute;ndice que vai reajustar a telefonia fixa local e de longa dist&acirc;ncia em 1&ordm; de julho, bem como as liga&ccedil;&otilde;es de fixo para m&oacute;vel, o IST (&iacute;ndice de Servi&ccedil;os de Telecomunica&ccedil;&otilde;es) j&aacute; acumula um aumento de 3,19% nos &uacute;ltimos dez meses, considerados entre &hellip; <a href=\"https:\/\/obscom.intervozes.org.br\/?p=21192\" class=\"more-link\">Continue lendo <span class=\"screen-reader-text\">\u00cdndice para reajuste da telefonia fixa j\u00e1 \u00e9 10% maior que em 2007<\/span> <span class=\"meta-nav\">&rarr;<\/span><\/a><\/p>\n","protected":false},"author":1,"featured_media":0,"comment_status":"open","ping_status":"open","sticky":false,"template":"","format":"standard","meta":{"footnotes":""},"categories":[40],"tags":[134],"_links":{"self":[{"href":"https:\/\/obscom.intervozes.org.br\/index.php?rest_route=\/wp\/v2\/posts\/21192"}],"collection":[{"href":"https:\/\/obscom.intervozes.org.br\/index.php?rest_route=\/wp\/v2\/posts"}],"about":[{"href":"https:\/\/obscom.intervozes.org.br\/index.php?rest_route=\/wp\/v2\/types\/post"}],"author":[{"embeddable":true,"href":"https:\/\/obscom.intervozes.org.br\/index.php?rest_route=\/wp\/v2\/users\/1"}],"replies":[{"embeddable":true,"href":"https:\/\/obscom.intervozes.org.br\/index.php?rest_route=%2Fwp%2Fv2%2Fcomments&post=21192"}],"version-history":[{"count":0,"href":"https:\/\/obscom.intervozes.org.br\/index.php?rest_route=\/wp\/v2\/posts\/21192\/revisions"}],"wp:attachment":[{"href":"https:\/\/obscom.intervozes.org.br\/index.php?rest_route=%2Fwp%2Fv2%2Fmedia&parent=21192"}],"wp:term":[{"taxonomy":"category","embeddable":true,"href":"https:\/\/obscom.intervozes.org.br\/index.php?rest_route=%2Fwp%2Fv2%2Fcategories&post=21192"},{"taxonomy":"post_tag","embeddable":true,"href":"https:\/\/obscom.intervozes.org.br\/index.php?rest_route=%2Fwp%2Fv2%2Ftags&post=21192"}],"curies":[{"name":"wp","href":"https:\/\/api.w.org\/{rel}","templated":true}]}}