{"id":21189,"date":"2008-05-19T15:43:39","date_gmt":"2008-05-19T15:43:39","guid":{"rendered":"https:\/\/obscom.intervozes.org.br\/wordpress\/?p=21189"},"modified":"2008-05-19T15:43:39","modified_gmt":"2008-05-19T15:43:39","slug":"programa-da-record-expoe-negros-gays-e-mulheres-a-situacoes-degradantes-diz-ministerio-da-justica","status":"publish","type":"post","link":"https:\/\/obscom.intervozes.org.br\/?p=21189","title":{"rendered":"Programa da Record exp\u00f5e negros, gays e mulheres a situa\u00e7\u00f5es degradantes, diz Minist\u00e9rio da Justi\u00e7a"},"content":{"rendered":"<p>O Minist&eacute;rio da Justi&ccedil;a est&aacute; monitorando os programas de Tom Cavalcante na Record. O &oacute;rg&atilde;o acaba de reclassificar o &quot;Show do Tom&quot; dos s&aacute;bados, j&aacute; exibido ap&oacute;s as 23h, como inadequado para antes das 21h, por expor negros, gays e mulheres a &quot;situa&ccedil;&otilde;es degradantes&quot;. <\/p>\n<p>De acordo com o colunista Daniel Castro, da Folha de S. Paulo, o minist&eacute;rio promete at&eacute; o final do m&ecirc;s decis&atilde;o sobre &quot;Show do Tom&quot; das tardes de domingo. Se houver reclassifica&ccedil;&atilde;o, o que &eacute; prov&aacute;vel, a atra&ccedil;&atilde;o ter&aacute; que mudar de hor&aacute;rio. <\/p>\n","protected":false},"excerpt":{"rendered":"<p>O Minist&eacute;rio da Justi&ccedil;a est&aacute; monitorando os programas de Tom Cavalcante na Record. O &oacute;rg&atilde;o acaba de reclassificar o &quot;Show do Tom&quot; dos s&aacute;bados, j&aacute; exibido ap&oacute;s as 23h, como inadequado para antes das 21h, por expor negros, gays e mulheres a &quot;situa&ccedil;&otilde;es degradantes&quot;. De acordo com o colunista Daniel Castro, da Folha de S. &hellip; <a href=\"https:\/\/obscom.intervozes.org.br\/?p=21189\" class=\"more-link\">Continue lendo <span class=\"screen-reader-text\">Programa da Record exp\u00f5e negros, gays e mulheres a situa\u00e7\u00f5es degradantes, diz Minist\u00e9rio da Justi\u00e7a<\/span> <span class=\"meta-nav\">&rarr;<\/span><\/a><\/p>\n","protected":false},"author":1,"featured_media":0,"comment_status":"open","ping_status":"open","sticky":false,"template":"","format":"standard","meta":{"footnotes":""},"categories":[39],"tags":[],"_links":{"self":[{"href":"https:\/\/obscom.intervozes.org.br\/index.php?rest_route=\/wp\/v2\/posts\/21189"}],"collection":[{"href":"https:\/\/obscom.intervozes.org.br\/index.php?rest_route=\/wp\/v2\/posts"}],"about":[{"href":"https:\/\/obscom.intervozes.org.br\/index.php?rest_route=\/wp\/v2\/types\/post"}],"author":[{"embeddable":true,"href":"https:\/\/obscom.intervozes.org.br\/index.php?rest_route=\/wp\/v2\/users\/1"}],"replies":[{"embeddable":true,"href":"https:\/\/obscom.intervozes.org.br\/index.php?rest_route=%2Fwp%2Fv2%2Fcomments&post=21189"}],"version-history":[{"count":0,"href":"https:\/\/obscom.intervozes.org.br\/index.php?rest_route=\/wp\/v2\/posts\/21189\/revisions"}],"wp:attachment":[{"href":"https:\/\/obscom.intervozes.org.br\/index.php?rest_route=%2Fwp%2Fv2%2Fmedia&parent=21189"}],"wp:term":[{"taxonomy":"category","embeddable":true,"href":"https:\/\/obscom.intervozes.org.br\/index.php?rest_route=%2Fwp%2Fv2%2Fcategories&post=21189"},{"taxonomy":"post_tag","embeddable":true,"href":"https:\/\/obscom.intervozes.org.br\/index.php?rest_route=%2Fwp%2Fv2%2Ftags&post=21189"}],"curies":[{"name":"wp","href":"https:\/\/api.w.org\/{rel}","templated":true}]}}