{"id":21188,"date":"2008-05-19T15:39:52","date_gmt":"2008-05-19T15:39:52","guid":{"rendered":"https:\/\/obscom.intervozes.org.br\/wordpress\/?p=21188"},"modified":"2008-05-19T15:39:52","modified_gmt":"2008-05-19T15:39:52","slug":"regulamento-de-protecao-ao-assinante-de-tv-paga-ainda-gera-duvidas","status":"publish","type":"post","link":"https:\/\/obscom.intervozes.org.br\/?p=21188","title":{"rendered":"Regulamento de prote\u00e7\u00e3o ao assinante de TV paga ainda gera d\u00favidas"},"content":{"rendered":"<p>A menos de duas semanas para a entrada em vigor, o Regulamento de Prote&ccedil;&atilde;o e Defesa dos Direitos dos Assinantes dos Servi&ccedil;os de Televis&atilde;o por Assinatura ainda gera interpreta&ccedil;&otilde;es conflitantes. O ponto de maior pol&ecirc;mica &ndash; o n&atilde;o pagamento pelo ponto extra &ndash; est&aacute; no cerne dos questionamentos. Debatido por mais de dois anos, o regulamento entra em vigor no dia 2 de junho, seis meses depois de sua publica&ccedil;&atilde;o, mas as operadoras de TV paga ainda conversam com a Anatel para esclarecer as diferentes interpreta&ccedil;&otilde;es sobre a gratuidade do ponto. <\/p>\n<p>O regulamento estabelece que o usu&aacute;rio que solicitar ponto extra &agrave; prestadora n&atilde;o vai pagar pela programa&ccedil;&atilde;o &#8211; desde que seja exatamente a mesma contratada no ponto principal. No entanto, ele pagar&aacute; pela instala&ccedil;&atilde;o, manuten&ccedil;&atilde;o e ativa&ccedil;&atilde;o de ponto extra. Para as operadoras, est&aacute; claro que o n&atilde;o pagamento s&oacute; envolve o que se chama de ponto escravo, aquele que reproduz exatamente a programa&ccedil;&atilde;o do ponto principal. Com ele, o assinante &eacute; obrigado a assistir em qualquer ponto da casa ao mesmo canal sintonizado no ponto principal. <\/p>\n<p>Dentro da pr&oacute;pria Anatel h&aacute; diverg&ecirc;ncias quanto a este entendimento, principalmente entre os conselheiros mais engajados na defesa do consumidor. Para eles, ponto extra funcionaria como um segundo ponto de acesso &agrave; programa&ccedil;&atilde;o, independente do primeiro. <\/p>\n<p>As operadoras temem que, por falta de esclarecimento, haja uma enxurrada de pedidos de ponto extra a partir de junho. E at&eacute; os atendentes do call center esclarecerem que o que realmente &eacute; gr&aacute;tis, o volume de reclama&ccedil;&otilde;es tende a explodir. A pr&oacute;pria defini&ccedil;&atilde;o do que &eacute; manuten&ccedil;&atilde;o promete gerar pol&ecirc;mica. Se cobrada mensalmente, ela poderia se caracterizar como assinatura, o deve ser evitado pelas prestadoras. Mas elas asseguram que incorrem em custos mensais para assegurar o perfeito funcionamento das redes e garantir a pot&ecirc;ncia de sinal exigido pelo ponto extra.<\/p>\n","protected":false},"excerpt":{"rendered":"<p>A menos de duas semanas para a entrada em vigor, o Regulamento de Prote&ccedil;&atilde;o e Defesa dos Direitos dos Assinantes dos Servi&ccedil;os de Televis&atilde;o por Assinatura ainda gera interpreta&ccedil;&otilde;es conflitantes. O ponto de maior pol&ecirc;mica &ndash; o n&atilde;o pagamento pelo ponto extra &ndash; est&aacute; no cerne dos questionamentos. Debatido por mais de dois anos, o &hellip; <a href=\"https:\/\/obscom.intervozes.org.br\/?p=21188\" class=\"more-link\">Continue lendo <span class=\"screen-reader-text\">Regulamento de prote\u00e7\u00e3o ao assinante de TV paga ainda gera d\u00favidas<\/span> <span class=\"meta-nav\">&rarr;<\/span><\/a><\/p>\n","protected":false},"author":1,"featured_media":0,"comment_status":"open","ping_status":"open","sticky":false,"template":"","format":"standard","meta":{"footnotes":""},"categories":[40],"tags":[134],"_links":{"self":[{"href":"https:\/\/obscom.intervozes.org.br\/index.php?rest_route=\/wp\/v2\/posts\/21188"}],"collection":[{"href":"https:\/\/obscom.intervozes.org.br\/index.php?rest_route=\/wp\/v2\/posts"}],"about":[{"href":"https:\/\/obscom.intervozes.org.br\/index.php?rest_route=\/wp\/v2\/types\/post"}],"author":[{"embeddable":true,"href":"https:\/\/obscom.intervozes.org.br\/index.php?rest_route=\/wp\/v2\/users\/1"}],"replies":[{"embeddable":true,"href":"https:\/\/obscom.intervozes.org.br\/index.php?rest_route=%2Fwp%2Fv2%2Fcomments&post=21188"}],"version-history":[{"count":0,"href":"https:\/\/obscom.intervozes.org.br\/index.php?rest_route=\/wp\/v2\/posts\/21188\/revisions"}],"wp:attachment":[{"href":"https:\/\/obscom.intervozes.org.br\/index.php?rest_route=%2Fwp%2Fv2%2Fmedia&parent=21188"}],"wp:term":[{"taxonomy":"category","embeddable":true,"href":"https:\/\/obscom.intervozes.org.br\/index.php?rest_route=%2Fwp%2Fv2%2Fcategories&post=21188"},{"taxonomy":"post_tag","embeddable":true,"href":"https:\/\/obscom.intervozes.org.br\/index.php?rest_route=%2Fwp%2Fv2%2Ftags&post=21188"}],"curies":[{"name":"wp","href":"https:\/\/api.w.org\/{rel}","templated":true}]}}