{"id":21186,"date":"2008-05-19T15:28:12","date_gmt":"2008-05-19T15:28:12","guid":{"rendered":"https:\/\/obscom.intervozes.org.br\/wordpress\/?p=21186"},"modified":"2008-05-19T15:28:12","modified_gmt":"2008-05-19T15:28:12","slug":"jornal-nao-e-corte-de-justica","status":"publish","type":"post","link":"https:\/\/obscom.intervozes.org.br\/?p=21186","title":{"rendered":"Jornal n\u00e3o \u00e9 corte de Justi\u00e7a"},"content":{"rendered":"<p>Imprensa n&atilde;o &eacute; tribunal. Quando um ve&iacute;culo de comunica&ccedil;&atilde;o se arvora nessa condi&ccedil;&atilde;o incorre em risco de cometer injusti&ccedil;as s&eacute;rias, confundir o p&uacute;blico e perturbar o andamento da Justi&ccedil;a.<\/p>\n<p>A Folha trilhou este perigoso caminho ao longo da semana ao designar Jos&eacute; Aparecido Nunes Pires como &quot;vazador&quot; ou &quot;respons&aacute;vel pelo vazamento&quot; do dossi&ecirc; sobre gastos do ex-presidente Fernando Henrique Cardoso, antes mesmo de ele ter sido indiciado pelo crime de viola&ccedil;&atilde;o de sigilo funcional.<\/p>\n<p>O &quot;Manual da Reda&ccedil;&atilde;o&quot; deste jornal &eacute; clar&iacute;ssimo, no verbete &quot;acusa&ccedil;&otilde;es criminais&quot; (p&aacute;gina 155), ao determinar: &quot;At&eacute; que seja condenada em definitivo pela Justi&ccedil;a, a pessoa deve ser tratada como suspeita, acusada, r&eacute; ou condenada em determinada inst&acirc;ncia. Esse procedimento visa evitar prejulgamentos e preservar a imagem de personagens do notici&aacute;rio&quot;.<\/p>\n<p>Essa resolu&ccedil;&atilde;o tem sido quase sempre estritamente cumprida desde a primeira edi&ccedil;&atilde;o do &quot;Manual&quot;, h&aacute; quase 25 anos. No passado, nem r&eacute;us confessos de homic&iacute;dio foram chamados de assassinos pelo jornal antes do seu julgamento. Desobedec&ecirc;-la agora &eacute; um precedente temer&aacute;rio.<\/p>\n<p>Ao longo da semana, registrei muitas vezes na cr&iacute;tica interna &agrave; Reda&ccedil;&atilde;o meu desassossego com o assunto. Requisitei formalmente &agrave; Secretaria de Reda&ccedil;&atilde;o que explicasse as raz&otilde;es do procedimento.<\/p>\n<p>A resposta foi que o jornal &quot;tem certeza&quot; de sua apura&ccedil;&atilde;o. Para mim, essa justificativa n&atilde;o &eacute; aceit&aacute;vel. Decis&otilde;es sobre culpabilidade de acusados de crimes n&atilde;o se tomam com base em &quot;certezas&quot; de indiv&iacute;duos.<\/p>\n<p>O comportamento do jornal &eacute; particularmente incompreens&iacute;vel por ser concomitante com sua posi&ccedil;&atilde;o editorial exemplar no caso da pris&atilde;o dos acusados pela morte da menina Isabella.<\/p>\n<p>Em 9 de maio, a Folha definiu assim o que chamou de &quot;humilha&ccedil;&atilde;o&quot; a que foram expostos o pai e a madrasta da garota: &quot;puni&ccedil;&atilde;o cruel e indel&eacute;vel, impingida antes e a despeito do pronunciamento da &uacute;nica fonte leg&iacute;tima para atribuir culpa neste caso, o Tribunal do J&uacute;ri.&quot;<\/p>\n<p>Se o jornal acusa a Justi&ccedil;a de prejulgamento do casal, o que deve fazer em rela&ccedil;&atilde;o &agrave; sua pr&oacute;pria atitude de resolver, porque tem &quot;certeza&quot; de sua apura&ccedil;&atilde;o, que Jos&eacute; Aparecido Nunes Pires &eacute; culpado antes do indiciamento?<\/p>\n<p>Uma tentativa para compreender essa evidente contradi&ccedil;&atilde;o poderia ser supor que haja diferen&ccedil;a qualitativa de tratamento para acusados de crimes &quot;violentos&quot; e acusados de crimes &quot;pol&iacute;ticos&quot;.<\/p>\n<p>N&atilde;o creio que essa distin&ccedil;&atilde;o seja cab&iacute;vel. Ao contr&aacute;rio at&eacute;: crimes cometidos por motiva&ccedil;&atilde;o pol&iacute;tica deveriam ser tratados de maneira ainda mais cuidadosa pelo jornalismo, devido aos danos institucionais que podem resultar deles e da maneira como a sociedade lida com eles.<\/p>\n<p>As rela&ccedil;&otilde;es entre jornalistas e agentes do Minist&eacute;rio P&uacute;blico e da Pol&iacute;cia Federal em casos que envolvem pol&iacute;tica s&atilde;o extraordinariamente complexas e freq&uuml;entemente delet&eacute;rias. Vazamentos seletivos de informa&ccedil;&otilde;es t&ecirc;m sido feitos por motiva&ccedil;&otilde;es diversas: da busca da notoriedade &agrave; promo&ccedil;&atilde;o de ideologias, partidos ou grupos corporativos com a conseq&uuml;&ecirc;ncia, &agrave;s vezes, de vidas e reputa&ccedil;&otilde;es arrasadas injustamente.<\/p>\n","protected":false},"excerpt":{"rendered":"<p>Imprensa n&atilde;o &eacute; tribunal. Quando um ve&iacute;culo de comunica&ccedil;&atilde;o se arvora nessa condi&ccedil;&atilde;o incorre em risco de cometer injusti&ccedil;as s&eacute;rias, confundir o p&uacute;blico e perturbar o andamento da Justi&ccedil;a. A Folha trilhou este perigoso caminho ao longo da semana ao designar Jos&eacute; Aparecido Nunes Pires como &quot;vazador&quot; ou &quot;respons&aacute;vel pelo vazamento&quot; do dossi&ecirc; sobre gastos &hellip; <a href=\"https:\/\/obscom.intervozes.org.br\/?p=21186\" class=\"more-link\">Continue lendo <span class=\"screen-reader-text\">Jornal n\u00e3o \u00e9 corte de Justi\u00e7a<\/span> <span class=\"meta-nav\">&rarr;<\/span><\/a><\/p>\n","protected":false},"author":1,"featured_media":0,"comment_status":"open","ping_status":"open","sticky":false,"template":"","format":"standard","meta":{"footnotes":""},"categories":[40],"tags":[763],"_links":{"self":[{"href":"https:\/\/obscom.intervozes.org.br\/index.php?rest_route=\/wp\/v2\/posts\/21186"}],"collection":[{"href":"https:\/\/obscom.intervozes.org.br\/index.php?rest_route=\/wp\/v2\/posts"}],"about":[{"href":"https:\/\/obscom.intervozes.org.br\/index.php?rest_route=\/wp\/v2\/types\/post"}],"author":[{"embeddable":true,"href":"https:\/\/obscom.intervozes.org.br\/index.php?rest_route=\/wp\/v2\/users\/1"}],"replies":[{"embeddable":true,"href":"https:\/\/obscom.intervozes.org.br\/index.php?rest_route=%2Fwp%2Fv2%2Fcomments&post=21186"}],"version-history":[{"count":0,"href":"https:\/\/obscom.intervozes.org.br\/index.php?rest_route=\/wp\/v2\/posts\/21186\/revisions"}],"wp:attachment":[{"href":"https:\/\/obscom.intervozes.org.br\/index.php?rest_route=%2Fwp%2Fv2%2Fmedia&parent=21186"}],"wp:term":[{"taxonomy":"category","embeddable":true,"href":"https:\/\/obscom.intervozes.org.br\/index.php?rest_route=%2Fwp%2Fv2%2Fcategories&post=21186"},{"taxonomy":"post_tag","embeddable":true,"href":"https:\/\/obscom.intervozes.org.br\/index.php?rest_route=%2Fwp%2Fv2%2Ftags&post=21186"}],"curies":[{"name":"wp","href":"https:\/\/api.w.org\/{rel}","templated":true}]}}