{"id":21183,"date":"2008-05-19T13:24:30","date_gmt":"2008-05-19T13:24:30","guid":{"rendered":"https:\/\/obscom.intervozes.org.br\/wordpress\/?p=21183"},"modified":"2008-05-19T13:24:30","modified_gmt":"2008-05-19T13:24:30","slug":"convergencia-requer-forte-regulacao-aponta-debate-em-plenaria","status":"publish","type":"post","link":"https:\/\/obscom.intervozes.org.br\/?p=21183","title":{"rendered":"Converg\u00eancia requer forte regula\u00e7\u00e3o, aponta debate em plen\u00e1ria"},"content":{"rendered":"<p>As aceleradas mudan&ccedil;as tecnol&oacute;gicas na &aacute;rea das comunica&ccedil;&otilde;es t&ecirc;m aproximado os diferentes servi&ccedil;os e plataformas, fazendo com que hoje uma mesma rede possa transmitir de &aacute;udio, dados e imagens. Embora a constata&ccedil;&atilde;o n&atilde;o seja nova e esteja em todos as discuss&otilde;es sobre a chamada converg&ecirc;ncia tecnol&oacute;gica, os debates do primeiro dia da plen&aacute;ria do F&oacute;rum Nacional pela Democratiza&ccedil;&atilde;o da Comunica&ccedil;&atilde;o (FNDC) realizados na &uacute;ltima sexta-feira (16) contribu&iacute;ram para ressaltar a import&acirc;ncia deste novo ambiente ser n&atilde;o apenas um arranjo de mercado mas uma oportunidade de democratizar a comunica&ccedil;&atilde;o no Brasil.<\/p>\n<p style=\"margin: 0in 0in 0pt\" class=\"MsoNormal\">A quest&atilde;o central sobre o desenho desta nova realidade das comunica&ccedil;&otilde;es n&atilde;o est&aacute; nos meios t&eacute;cnicos, mas no desenho institucional de como ser&atilde;o ofertados os servi&ccedil;os e conte&uacute;dos. &nbsp;&ldquo;A barreira n&atilde;o &eacute; mais tecnol&oacute;gica, &eacute; regulat&oacute;ria&rdquo;, defendeu Jos&eacute; Fernandes Pauletti, da Associa&ccedil;&atilde;o Brasileira de Concession&aacute;rios de Servi&ccedil;o Telef&ocirc;nico Fixo Comutado (Abrafix). Exatamente por isso, continuou, a legisla&ccedil;&atilde;o que rege o setor n&atilde;o pode mais caracterizar os servi&ccedil;os pelas tecnologias. <\/p>\n<p style=\"margin: 0in 0in 0pt\" class=\"MsoNormal\">&nbsp;<\/p>\n<p style=\"margin: 0in 0in 0pt\" class=\"MsoNormal\">Se a op&ccedil;&atilde;o &eacute; pol&iacute;tica, e n&atilde;o t&eacute;cnica, evidencia-se que as propostas de regula&ccedil;&atilde;o refletem os interesses em jogo. Partindo dos objetivos de maximizar os lucros das empresas de seu setor, o representante da Abrafix concluiu seu racioc&iacute;nio defendendo que as normas sejam mais liberalizadas de modo a permitir que as empresas de telecom possam utilizar as redes para obter o retorno do investimento feito na amplia&ccedil;&atilde;o de sua capacidade. &nbsp;Um exemplo &eacute; a TV a cabo, oferecida hoje para apenas 150 munic&iacute;pios. Este quadro poderia ser ampliado pela oferta deste servi&ccedil;o pela rede de telefonia fixa, presente em 5500 munic&iacute;pios. &ldquo;Mas a legisla&ccedil;&atilde;o impede&rdquo;, reclamou Pauletti. <\/p>\n<p style=\"margin: 0in 0in 0pt\" class=\"MsoNormal\">&nbsp;<\/p>\n<p style=\"margin: 0in 0in 0pt\" class=\"MsoNormal\">Augusto C&eacute;sar Gadelha, do Minist&eacute;rio da Ci&ecirc;ncia e Tecnologia, se aproximou desta posi&ccedil;&atilde;o ao defender que a Internet deveria ter o m&iacute;nimo de regula&ccedil;&atilde;o poss&iacute;vel pelo seu potencial de possibilitar &agrave;s pessoas maior acesso &agrave; frui&ccedil;&atilde;o e &agrave; produ&ccedil;&atilde;o de conte&uacute;dos em &aacute;udio, texto e audiovisual. &ldquo;A Internet est&aacute; se espalhando pelo mundo inteiro, ent&atilde;o quando come&ccedil;a a regular sua flexibilidae e poder de comunica&ccedil;&atilde;o voc&ecirc; mata ela&rdquo;, afirmou. &nbsp;<\/p>\n<p style=\"margin: 0in 0in 0pt\" class=\"MsoNormal\"><strong>Novo marco regulat&oacute;rio<\/strong><\/p>\n<p>Na opini&atilde;o do deputado Jorge Bittar (PT-RJ), hoje a comunica&ccedil;&atilde;o, &ldquo;que &eacute; um direito fundamental da cidadania&rdquo;, &eacute; vista apenas como bem econ&ocirc;mico. Na avalia&ccedil;&atilde;o do parlamentar e de outros integrantes da mesa, os debates sobre a converg&ecirc;ncia tecnol&oacute;gica devem superar a dimens&atilde;o unicamente mercantil do assunto e trat&aacute;-la sob a &oacute;tica de como as tecnologias podem beneficiar o conjunto da popula&ccedil;&atilde;o.&nbsp;Para isso, destacou Bittar, &eacute; preciso construir um novo marco regulat&oacute;rio para o setor. &ldquo;Se este marco regulat&oacute;rio j&aacute; era insuficiente, imagina depois desta revolu&ccedil;&atilde;o tecnol&oacute;gica&rdquo;, refor&ccedil;ou a deputada Luiza Erundina. <\/p>\n<p>Durante o painel, duas iniciativas foram apresentadas como possibilidades de democratiza&ccedil;&atilde;o da m&iacute;dia brasileira: a cria&ccedil;&atilde;o da Empresa Brasil de Comunica&ccedil;&atilde;o (EBC) e dos canais p&uacute;blicos mantidos por ela, e a tentativa de aprova&ccedil;&atilde;o de uma nova legisla&ccedil;&atilde;o para a tv por assinatura com o PL 29.&nbsp;&nbsp;&nbsp;<\/p>\n<p>Tereza Cruvinel, presidente da EBC, apontou a cria&ccedil;&atilde;o da nova empresa como um avan&ccedil;o da gest&atilde;o atual do Executivo. &ldquo;A EBC pode contribuir para suprir esta car&ecirc;ncia de diversidade e pluralidade no sistema de m&iacute;dia no pa&iacute;s. &Eacute; uma possibilidade que a sociedade tem de agarrar e se apoderar destes canais&rdquo;, sugeriu. O &ecirc;xito desta experi&ecirc;ncia, acrescentou Cruvinel, &eacute; fundamental para superar o quadro de concentra&ccedil;&atilde;o de propriedade na m&iacute;dia brasileira, que imp&otilde;e conte&uacute;dos produzidos de maneira centralizada &agrave; popula&ccedil;&atilde;o e represa a diversidade cultural existente no pa&iacute;s.<\/p>\n<p>A busca desta variedade na produ&ccedil;&atilde;o audiovisual e na oferta de servi&ccedil;os &eacute; o que persegue Jorge Bittar na relatoria do PL 29. Visando garantir estes avan&ccedil;os no ambiente convergente, o substitutivo ao projeto escrito por Bittar atualmente em discuss&atilde;o no Congresso tenta introduzir uma nova forma de regula&ccedil;&atilde;o do setor ao separar o regramento do servi&ccedil;o de televis&atilde;o por assinatura em duas camadas: a infra-estrutura de distribui&ccedil;&atilde;o e o conte&uacute;do. <\/p>\n<p>&ldquo;Precisamos de uma Lei Geral, mas este projeto &eacute; um exerc&iacute;cio que aponta o que podem ser as refer&ecirc;ncias deste novo marco&rdquo;, disse. O deputado concluiu alertando que o caso do PL 29 &eacute; exemplar para analisar as possibilidades de uma nova legisla&ccedil;&atilde;o de car&aacute;ter progressista no pa&iacute;s, pois a avers&atilde;o radical das &ldquo;for&ccedil;as conservadoras&rdquo; do setor j&aacute; est&aacute; se manifestando e pode acabar sabotando a aprova&ccedil;&atilde;o da mat&eacute;ria.<\/p>\n<p>A sa&iacute;da para &ldquo;equilibrar o jogo&rdquo;, segundo a deputada Luiza Erundina, est&aacute; na realiza&ccedil;&atilde;o da Confer&ecirc;ncia Nacional de Comunica&ccedil;&atilde;o. &ldquo;At&eacute; hoje n&atilde;o tivemos confer&ecirc;ncia nacional, onde sociedade e empres&aacute;rios possam debater, serem ouvidos e se posicionar sobre a constru&ccedil;&atilde;o de uma pol&iacute;tica de comunica&ccedil;&atilde;o para o Brasil&rdquo;, defendeu. Para a deputada, n&atilde;o h&aacute; democracia no pa&iacute;s se n&atilde;o houver um f&oacute;rum amplo e democr&aacute;tico para discutir tema t&atilde;o sens&iacute;vel como a comunica&ccedil;&atilde;o, que envolve aspectos culturais e pol&iacute;ticos da na&ccedil;&atilde;o. <\/p>\n<p>A deputada paulista alertou que a realiza&ccedil;&atilde;o da Confer&ecirc;ncia com convoca&ccedil;&atilde;o pelo Executivo depende de muita mobiliza&ccedil;&atilde;o da sociedade civil para pressionar o governo. &nbsp;Para Jorge Bittar, a Confer&ecirc;ncia s&oacute; deve acontecer em 2009, uma vez que o calend&aacute;rio est&aacute; apertado por conta das elei&ccedil;&otilde;es municipais.&nbsp;&nbsp;<\/p>\n","protected":false},"excerpt":{"rendered":"<p>Enquanto teles querem liberalizar mercado, parlamentares e sociedade civil defendem elabora\u00e7\u00e3o de novo marco regulat\u00f3rio com princ\u00edpios emanados da Confer\u00eancia Nacional de Comunica\u00e7\u00e3o.<\/p>\n","protected":false},"author":1,"featured_media":0,"comment_status":"open","ping_status":"open","sticky":false,"template":"","format":"standard","meta":{"footnotes":""},"categories":[40],"tags":[104],"_links":{"self":[{"href":"https:\/\/obscom.intervozes.org.br\/index.php?rest_route=\/wp\/v2\/posts\/21183"}],"collection":[{"href":"https:\/\/obscom.intervozes.org.br\/index.php?rest_route=\/wp\/v2\/posts"}],"about":[{"href":"https:\/\/obscom.intervozes.org.br\/index.php?rest_route=\/wp\/v2\/types\/post"}],"author":[{"embeddable":true,"href":"https:\/\/obscom.intervozes.org.br\/index.php?rest_route=\/wp\/v2\/users\/1"}],"replies":[{"embeddable":true,"href":"https:\/\/obscom.intervozes.org.br\/index.php?rest_route=%2Fwp%2Fv2%2Fcomments&post=21183"}],"version-history":[{"count":0,"href":"https:\/\/obscom.intervozes.org.br\/index.php?rest_route=\/wp\/v2\/posts\/21183\/revisions"}],"wp:attachment":[{"href":"https:\/\/obscom.intervozes.org.br\/index.php?rest_route=%2Fwp%2Fv2%2Fmedia&parent=21183"}],"wp:term":[{"taxonomy":"category","embeddable":true,"href":"https:\/\/obscom.intervozes.org.br\/index.php?rest_route=%2Fwp%2Fv2%2Fcategories&post=21183"},{"taxonomy":"post_tag","embeddable":true,"href":"https:\/\/obscom.intervozes.org.br\/index.php?rest_route=%2Fwp%2Fv2%2Ftags&post=21183"}],"curies":[{"name":"wp","href":"https:\/\/api.w.org\/{rel}","templated":true}]}}