{"id":21181,"date":"2008-05-16T17:49:19","date_gmt":"2008-05-16T17:49:19","guid":{"rendered":"https:\/\/obscom.intervozes.org.br\/wordpress\/?p=21181"},"modified":"2014-09-07T02:55:34","modified_gmt":"2014-09-07T02:55:34","slug":"documento-internacional-evidencia-contradicoes-brasileiras","status":"publish","type":"post","link":"https:\/\/obscom.intervozes.org.br\/?p=21181","title":{"rendered":"Documento internacional evidencia contradi\u00e7\u00f5es brasileiras"},"content":{"rendered":"<p><span>A Associa&ccedil;&atilde;o Mundial de R&aacute;dios Comunit&aacute;rias (Amarc) divulgou no &uacute;ltimo dia 5 de maio documento que pretende estabelecer novos par&acirc;metros para a elabora&ccedil;&atilde;o, aprova&ccedil;&atilde;o e implementa&ccedil;&atilde;o de leis sobre radiodifus&atilde;o comunit&aacute;ria. A Declara&ccedil;&atilde;o de Princ&iacute;pios para Marcos Regulat&oacute;rios sobre Radiodifus&atilde;o Comunit&aacute;ria [<a href=\"http:\/\/localhost\/intervozes_direitoacomunicacao\/wordpress\/?p=18269\">clique aqui<\/a>] foi constru&iacute;da a partir de uma pesquisa sobre melhores pr&aacute;ticas nas legisla&ccedil;&otilde;es sobre radiodifus&atilde;o, que se debru&ccedil;ou sobre o marco regulat&oacute;rio de 26 pa&iacute;ses nos cinco continentes. Se existem pa&iacute;ses que podem estar pr&oacute;ximos ou almejam efetivar esses princ&iacute;pios, o Brasil, definitivamente, n&atilde;o est&aacute; entre eles. Pelo menos esta &eacute; a opini&atilde;o da se&ccedil;&atilde;o brasileira da Amarc.<\/p>\n<p><\/span><span>Se compararmos ponto a ponto o documento da entidade com o que facilmente se constata na realidade brasileira, n&atilde;o ser&aacute; dif&iacute;cil chegar a tal conclus&atilde;o. A Amarc define tr&ecirc;s diferentes modalidades de radiodifus&atilde;o, a p&uacute;blica\/estatal, a comercial e a social\/sem fins lucrativos, onde se incluiriam as r&aacute;dios e TVs comunit&aacute;rias. Como sabemos, para al&eacute;m da segunda pouca coisa existe no Brasil. Acesso a tecnologias, reserva de espectro, organismo regulat&oacute;rios independentes e transpar&ecirc;ncia nas concess&otilde;es de outorgas tamb&eacute;m s&atilde;o elementos ausentes na paisagem da radiodifus&atilde;o tupiniquim.<\/p>\n<p><\/span><span>O documento da entidade procura atribuir uma base regulat&oacute;ria para o cumprimento de umas das recomenda&ccedil;&otilde;es da &quot;Declara&ccedil;&atilde;o sobre Diversidade na Radiodifus&atilde;o&quot; elaborada em dezembro de 2007 pelo Relator Especial de Na&ccedil;&otilde;es Unidas sobre Liberdade de Opini&atilde;o e de Express&atilde;o. Ele re&uacute;ne 14 princ&iacute;pios elaborados a partir de padr&otilde;es internacionais de direitos humanos subsidiados pela ONU, onde se afirma que a radiodifus&atilde;o comunit&aacute;ria deve ter acesso incondicional &agrave; publicidade e recursos t&eacute;cnicos e procedimentos eq&uuml;itativos e simples para a obten&ccedil;&atilde;o de licen&ccedil;as.<\/p>\n<p><\/span><span>Para Gustavo G&oacute;mez, diretor do Programa de Legisla&ccedil;&otilde;es e Direito &agrave; Comunica&ccedil;&atilde;o da Amarc &ndash; Am&eacute;rica Latina e Caribe (Amarc-ALC), o Brasil &eacute; um paradigma no desrespeito ao direito &agrave; comunica&ccedil;&atilde;o, sobretudo em rela&ccedil;&atilde;o &agrave; radiodifus&atilde;o comunit&aacute;ria. &ldquo;Se tomarmos os &ldquo;Princ&iacute;pios&rdquo; como uma refer&ecirc;ncia internacional e um indicador do grau de vig&ecirc;ncia da liberdade de express&atilde;o em nossos pa&iacute;ses, o Brasil &eacute; um dos pa&iacute;ses que mais se afasta de seu cumprimento, apesar de ter uma Lei de Radiodifus&atilde;o Comunit&aacute;ria desde 1998&rdquo;, afirma, concluindo que o simples reconhecimento legal n&atilde;o &eacute; suficiente. &ldquo;Sua legisla&ccedil;&atilde;o &eacute; discriminat&oacute;ria e exclui a maioria da popula&ccedil;&atilde;o brasileira de ter acesso aos meios de comunica&ccedil;&atilde;o em igualdade de oportunidades&rdquo;.<\/p>\n<p><\/span><span><strong>Pa&iacute;s modelo<br \/><\/strong><br \/><\/span><span>Sofia Hammoe, da Amarc-Brasil, &eacute; veemente ao afirmar que o caso brasileiro est&aacute; longe dos par&acirc;metros internacionais e, mais ainda, dos princ&iacute;pios destacados pela entidade. &ldquo;Na verdade, todos os 14 pontos est&atilde;o muito distantes. Quase tudo est&aacute; em conflito. Existe uma parcialidade tanto nos marcos quanto nas pol&iacute;ticas p&uacute;blicas&rdquo;. A coordenadora da entidade acha ainda que, se tivesse que escolher a quest&atilde;o mais preocupante, o que n&atilde;o &eacute; simples, as quest&otilde;es t&eacute;cnicas e o acesso a recursos seriam destacados. Afinal, como lembra Sofia, &ldquo;estas tamb&eacute;m s&atilde;o quest&otilde;es pol&iacute;ticas&rdquo;.<\/p>\n<p><\/span><span>A conjuntura brasileira, quando se trata da radiodifus&atilde;o, &eacute; aparentemente favor&aacute;vel. Desde 1995, os governos FHC e Lula t&ecirc;m se mostrados simp&aacute;ticos e abertos a causa das r&aacute;dios e TVs comunit&aacute;rias. No entanto, pouca coisa mudou na pr&aacute;tica. Para Sofia, os sucessivos governos ficam apenas &ldquo;no discurso&rdquo;. Por isso, ela acredita que &eacute; mais eficaz no momento a luta em &acirc;mbito internacional. &ldquo;Apresentamos o caso brasileiro na OEA (Organiza&ccedil;&atilde;o dos Estados Americanos) e l&aacute; tivemos uma audi&ecirc;ncia com o governo. Mas ainda faltam v&aacute;rias etapas at&eacute; se chegar a uma den&uacute;ncia formal&rdquo;.<\/p>\n<p><\/span><span>Gustavo G&oacute;mez lembra ainda da influ&ecirc;ncia do poder econ&ocirc;mico e da omiss&atilde;o brasileira em rela&ccedil;&atilde;o aos tratados internacionais. &ldquo;As r&aacute;dios comunit&aacute;rias nem sequer est&atilde;o protegidos contra as interfer&ecirc;ncias dos meios comerciais, mesmo quando contam com autoriza&ccedil;&atilde;o, violando princ&iacute;pios internacionais b&aacute;sicos da gest&atilde;o do espectro firmados pelo Brasil nos marcos da UIT (Uni&atilde;o Internacional de Telecomunica&ccedil;&otilde;es)&rdquo;, afirma o diretor da Amarc-ALC.<\/p>\n<p><\/span><span>Sofia acredita que s&oacute; com a organiza&ccedil;&atilde;o da sociedade brasileira haver&aacute; avan&ccedil;o na quest&atilde;o da radiodifus&atilde;o comunit&aacute;ria. &ldquo;A sociedade tamb&eacute;m tem que contribuir para a efetiva&ccedil;&atilde;o desses 14 pontos. O ideal seria que o cidad&atilde;o pudesse fiscalizar o cumprimento de seu direito &agrave; comunica&ccedil;&atilde;o, mas ainda falta muito&rdquo;, completa.<\/span><\/p>\n","protected":false},"excerpt":{"rendered":"<p>Associa\u00e7\u00e3o Mundial de R\u00e1dios Comunit\u00e1rias divulga documento com par\u00e2metros para a constru\u00e7\u00e3o de marcos regulat\u00f3rios para a radiodifus\u00e3o comunit\u00e1ria; Brasil est\u00e1 longe de efetivar princ\u00edpios.<\/p>\n","protected":false},"author":1,"featured_media":0,"comment_status":"open","ping_status":"open","sticky":false,"template":"","format":"standard","meta":{"footnotes":""},"categories":[40],"tags":[155],"_links":{"self":[{"href":"https:\/\/obscom.intervozes.org.br\/index.php?rest_route=\/wp\/v2\/posts\/21181"}],"collection":[{"href":"https:\/\/obscom.intervozes.org.br\/index.php?rest_route=\/wp\/v2\/posts"}],"about":[{"href":"https:\/\/obscom.intervozes.org.br\/index.php?rest_route=\/wp\/v2\/types\/post"}],"author":[{"embeddable":true,"href":"https:\/\/obscom.intervozes.org.br\/index.php?rest_route=\/wp\/v2\/users\/1"}],"replies":[{"embeddable":true,"href":"https:\/\/obscom.intervozes.org.br\/index.php?rest_route=%2Fwp%2Fv2%2Fcomments&post=21181"}],"version-history":[{"count":1,"href":"https:\/\/obscom.intervozes.org.br\/index.php?rest_route=\/wp\/v2\/posts\/21181\/revisions"}],"predecessor-version":[{"id":27841,"href":"https:\/\/obscom.intervozes.org.br\/index.php?rest_route=\/wp\/v2\/posts\/21181\/revisions\/27841"}],"wp:attachment":[{"href":"https:\/\/obscom.intervozes.org.br\/index.php?rest_route=%2Fwp%2Fv2%2Fmedia&parent=21181"}],"wp:term":[{"taxonomy":"category","embeddable":true,"href":"https:\/\/obscom.intervozes.org.br\/index.php?rest_route=%2Fwp%2Fv2%2Fcategories&post=21181"},{"taxonomy":"post_tag","embeddable":true,"href":"https:\/\/obscom.intervozes.org.br\/index.php?rest_route=%2Fwp%2Fv2%2Ftags&post=21181"}],"curies":[{"name":"wp","href":"https:\/\/api.w.org\/{rel}","templated":true}]}}