{"id":21177,"date":"2008-05-16T13:25:18","date_gmt":"2008-05-16T13:25:18","guid":{"rendered":"https:\/\/obscom.intervozes.org.br\/wordpress\/?p=21177"},"modified":"2008-05-16T13:25:18","modified_gmt":"2008-05-16T13:25:18","slug":"cctci-planeja-seminario-sobre-a-lei-geral-de-telecomunicacoes","status":"publish","type":"post","link":"https:\/\/obscom.intervozes.org.br\/?p=21177","title":{"rendered":"CCTCI planeja semin\u00e1rio sobre a Lei Geral de Telecomunica\u00e7\u00f5es"},"content":{"rendered":"<p><span>A Comiss&atilde;o de Ci&ecirc;ncia e Tecnologia Comunica&ccedil;&atilde;o e Inform&aacute;tica da C&acirc;mara aprovou nessa quarta-feira, 14, proposta do deputado Walter Pinheiro (PT\/BA) para a realiza&ccedil;&atilde;o de um semin&aacute;rio sobre os 10 anos de vig&ecirc;ncia da Lei Geral de Telecomunica&ccedil;&otilde;es (LGT). A Lei Geral de Telecomunica&ccedil;&otilde;es, contudo, foi aprovada em 16 de julho de 1997. O que completa 10 anos este ano &eacute; a privatiza&ccedil;&atilde;o do Sistema Telebr&aacute;s, momento em que todos os dispositivos da LGT passaram a ter sentido pr&aacute;tico.&nbsp; A proposta do deputado, que tamb&eacute;m preside a comiss&atilde;o, &eacute; realizar um grande debate sobre o futuro das telecomunica&ccedil;&otilde;es a partir do anivers&aacute;rio de uma d&eacute;cada do marco legal do setor. <\/p>\n<p>A iniciativa, no entanto, vai demorar para se materializar. A id&eacute;ia &eacute; que o semin&aacute;rio seja organizado nos pr&oacute;ximos meses e aconte&ccedil;a ap&oacute;s as elei&ccedil;&otilde;es municipais, que colocam o Congresso Nacional em uma esp&eacute;cie de &quot;recesso branco&quot; com o deslocamento dos parlamentares para seus estados de origem. Assim, o evento deve ocorrer apenas no fim do ano. <\/p>\n<p>A informa&ccedil;&atilde;o &eacute; da Teletime News.<\/span><\/p>\n","protected":false},"excerpt":{"rendered":"<p>A Comiss&atilde;o de Ci&ecirc;ncia e Tecnologia Comunica&ccedil;&atilde;o e Inform&aacute;tica da C&acirc;mara aprovou nessa quarta-feira, 14, proposta do deputado Walter Pinheiro (PT\/BA) para a realiza&ccedil;&atilde;o de um semin&aacute;rio sobre os 10 anos de vig&ecirc;ncia da Lei Geral de Telecomunica&ccedil;&otilde;es (LGT). A Lei Geral de Telecomunica&ccedil;&otilde;es, contudo, foi aprovada em 16 de julho de 1997. O que &hellip; <a href=\"https:\/\/obscom.intervozes.org.br\/?p=21177\" class=\"more-link\">Continue lendo <span class=\"screen-reader-text\">CCTCI planeja semin\u00e1rio sobre a Lei Geral de Telecomunica\u00e7\u00f5es<\/span> <span class=\"meta-nav\">&rarr;<\/span><\/a><\/p>\n","protected":false},"author":1,"featured_media":0,"comment_status":"open","ping_status":"open","sticky":false,"template":"","format":"standard","meta":{"footnotes":""},"categories":[39],"tags":[],"_links":{"self":[{"href":"https:\/\/obscom.intervozes.org.br\/index.php?rest_route=\/wp\/v2\/posts\/21177"}],"collection":[{"href":"https:\/\/obscom.intervozes.org.br\/index.php?rest_route=\/wp\/v2\/posts"}],"about":[{"href":"https:\/\/obscom.intervozes.org.br\/index.php?rest_route=\/wp\/v2\/types\/post"}],"author":[{"embeddable":true,"href":"https:\/\/obscom.intervozes.org.br\/index.php?rest_route=\/wp\/v2\/users\/1"}],"replies":[{"embeddable":true,"href":"https:\/\/obscom.intervozes.org.br\/index.php?rest_route=%2Fwp%2Fv2%2Fcomments&post=21177"}],"version-history":[{"count":0,"href":"https:\/\/obscom.intervozes.org.br\/index.php?rest_route=\/wp\/v2\/posts\/21177\/revisions"}],"wp:attachment":[{"href":"https:\/\/obscom.intervozes.org.br\/index.php?rest_route=%2Fwp%2Fv2%2Fmedia&parent=21177"}],"wp:term":[{"taxonomy":"category","embeddable":true,"href":"https:\/\/obscom.intervozes.org.br\/index.php?rest_route=%2Fwp%2Fv2%2Fcategories&post=21177"},{"taxonomy":"post_tag","embeddable":true,"href":"https:\/\/obscom.intervozes.org.br\/index.php?rest_route=%2Fwp%2Fv2%2Ftags&post=21177"}],"curies":[{"name":"wp","href":"https:\/\/api.w.org\/{rel}","templated":true}]}}