{"id":21175,"date":"2008-05-16T12:48:27","date_gmt":"2008-05-16T12:48:27","guid":{"rendered":"https:\/\/obscom.intervozes.org.br\/wordpress\/?p=21175"},"modified":"2008-05-16T12:48:27","modified_gmt":"2008-05-16T12:48:27","slug":"politicas-de-fomento-a-comunicacao-comunitaria-e-tema-de-pesquisa","status":"publish","type":"post","link":"https:\/\/obscom.intervozes.org.br\/?p=21175","title":{"rendered":"Pol\u00edticas de fomento \u00e0 comunica\u00e7\u00e3o comunit\u00e1ria \u00e9 tema de pesquisa"},"content":{"rendered":"<p><em>Pol&iacute;ticas de fomento &agrave; comunica&ccedil;&atilde;o comunit&aacute;ria&nbsp;foram objetos de pesquisa de mestrado em Comunica&ccedil;&atilde;o Social na Universidade Metodista de S&atilde;o Paulo. A autora, Laura Conde Tresca, garante que, para democratizar a comunica&ccedil;&atilde;o, n&atilde;o basta mexer nas concess&otilde;es (radiodifus&atilde;o). &Eacute; preciso, afirma, haver pol&iacute;ticas espec&iacute;ficas que contemplem a radiodifus&atilde;o comunit&aacute;ria. O estudo baseou-se no estudo de caso de cinco prefeituras brasileiras.<\/em><\/p>\n<p>O servi&ccedil;o de Radiodifus&atilde;o Comunit&aacute;ria no Brasil nasceu oficialmente em 1998, sob a Lei 9.612, e foi regulamentada pelo Decreto 2.615, no mesmo ano. Contudo, a hist&oacute;ria &eacute; bem mais antiga e cheia de controv&eacute;rsias. Alguns textos remetem h&aacute; 40 anos, outros &agrave; d&eacute;cada de 1930, a exist&ecirc;ncia desses ve&iacute;culos.&nbsp;O que permanece, nesse cen&aacute;rio, s&atilde;o as dificuldades de manuten&ccedil;&atilde;o dessa modalidade de comunica&ccedil;&atilde;o social, carentes de pol&iacute;ticas que as tronem vi&aacute;veis economicamente, mantendo suas caracter&iacute;sticas junto &agrave; comunidade.<\/p>\n<p>As r&aacute;dios comunit&aacute;rias (radicom) no Brasil s&atilde;o tidas como &quot;alternativas para as vozes deixadas de lado pela grande m&iacute;dia&quot;. Isso porque atuam, segundo Laura Conde Tresca, &quot;no local em que a vida acontece&quot;. Laura &eacute; cientista social e jornalista. Ela defendeu essa premissa em sua disserta&ccedil;&atilde;o de mestrado: &quot;Pol&iacute;ticas Locais de Fomento &agrave; Comunica&ccedil;&atilde;o Comunit&aacute;ria&quot;, defendida no ultimo dia 24 de abril, na Universidade Metodista de S&atilde;o Paulo.<\/p>\n<p>Pol&iacute;ticas de fomento &agrave; comunica&ccedil;&atilde;o s&atilde;o muito mais amplas que as outorgas, de acordo com Laura Tresca. Ela&nbsp;afirma que pode ser um equ&iacute;voco pensar em democratizar a comunica&ccedil;&atilde;o somente ampliando ou modificando a pol&iacute;tica de concess&otilde;es de r&aacute;dio e televis&atilde;o. &quot;Do que adianta uma pol&iacute;tica de distribui&ccedil;&atilde;o em massa de canais comunit&aacute;rios sem preparar as associa&ccedil;&otilde;es para uma gest&atilde;o democr&aacute;tica? questiona. E complementa: N&atilde;o &eacute; raro encontrarmos hist&oacute;rias de r&aacute;dios comunit&aacute;rias que fecharam n&atilde;o por causa a&ccedil;&atilde;o da Pol&iacute;cia Federal, mas porque n&atilde;o sobreviveram &agrave;s transi&ccedil;&otilde;es internas de altern&acirc;ncia de poder. <\/p>\n<p>Para desenvolver o trabalho que come&ccedil;ou a pesquisar durante a gradua&ccedil;&atilde;o, Laura tomou como referencial as prefeituras de Fortaleza (CE), Jo&atilde;o Pessoa (PB), Macap&aacute; (AP), Porto Alegre (RS) e Recife (PE) nas gest&otilde;es de 2001 a 2006. Laura destaca, em suas considera&ccedil;&otilde;es, que pol&iacute;ticas locais de fomento &agrave; comunica&ccedil;&atilde;o comunit&aacute;ria come&ccedil;am a ser implantadas e que o debate sobre municipaliza&ccedil;&atilde;o ou regulariza&ccedil;&atilde;o das r&aacute;dios comunit&aacute;rias ou r&aacute;dios de poste esteve presente em todas as capitais onde foram realizados os estudos de casos. <\/p>\n<p>&ldquo;Al&eacute;m da possibilidade de outorgas de radiodifus&atilde;o, noto outras motiva&ccedil;&otilde;es para o poder p&uacute;blico local fomentar a comunica&ccedil;&atilde;o comunit&aacute;ria como a amplia&ccedil;&atilde;o dos direitos de cidadania: resposta &agrave;s demandas dos movimentos locais de luta pela democratiza&ccedil;&atilde;o organizados; reconhecimento dos meios de comunica&ccedil;&atilde;o populares, comunit&aacute;rios e alternativos como instrumentos de comunica&ccedil;&atilde;o eficazes; manuten&ccedil;&atilde;o de pr&aacute;ticas de governo anteriores e o envolvimento dos gestores das pol&iacute;ticas p&uacute;blicas com os movimentos locais de luta pela democratiza&ccedil;&atilde;o&rdquo;, apresenta. <\/p>\n<p>A jornalista aponta que pol&iacute;ticas de fomento &agrave; comunica&ccedil;&atilde;o comunit&aacute;ria come&ccedil;am a ser implantadas em &acirc;mbito municipal, mas ainda de forma incipiente e pouco articuladas. &ldquo;Avalio que seria um grande avan&ccedil;o a proposi&ccedil;&atilde;o de um Projeto de Emenda Constitucional municipalizando as autoriza&ccedil;&otilde;es de funcionamento das r&aacute;dios comunit&aacute;rias. &Eacute; no local que a vida acontece, com isso, as pessoas se envolveriam mais nos debates de democratiza&ccedil;&atilde;o da comunica&ccedil;&atilde;o, analisa. <\/p>\n<p>Laura revela que espera publicar um trecho de sua disserta&ccedil;&atilde;o, o item &quot;Proposta e sugest&otilde;es para planejar e executar um plano local de pol&iacute;ticas p&uacute;blicas de fomento &Atilde; comunica&ccedil;&atilde;o comunit&aacute;ria&quot;. <\/p>\n<p>Participaram da banca o professor Val&eacute;rio Cruz Brittos (da Universidade do Vale do Rio dos Sinos &#8211; RS), o professor Adolpho Queiroz (da Universidade Metodista) e a professora Cicilia Peruzzo, orientadora.<\/p>\n","protected":false},"excerpt":{"rendered":"<p>Pol&iacute;ticas de fomento &agrave; comunica&ccedil;&atilde;o comunit&aacute;ria&nbsp;foram objetos de pesquisa de mestrado em Comunica&ccedil;&atilde;o Social na Universidade Metodista de S&atilde;o Paulo. A autora, Laura Conde Tresca, garante que, para democratizar a comunica&ccedil;&atilde;o, n&atilde;o basta mexer nas concess&otilde;es (radiodifus&atilde;o). &Eacute; preciso, afirma, haver pol&iacute;ticas espec&iacute;ficas que contemplem a radiodifus&atilde;o comunit&aacute;ria. O estudo baseou-se no estudo de caso &hellip; <a href=\"https:\/\/obscom.intervozes.org.br\/?p=21175\" class=\"more-link\">Continue lendo <span class=\"screen-reader-text\">Pol\u00edticas de fomento \u00e0 comunica\u00e7\u00e3o comunit\u00e1ria \u00e9 tema de pesquisa<\/span> <span class=\"meta-nav\">&rarr;<\/span><\/a><\/p>\n","protected":false},"author":1,"featured_media":0,"comment_status":"open","ping_status":"open","sticky":false,"template":"","format":"standard","meta":{"footnotes":""},"categories":[40],"tags":[155],"_links":{"self":[{"href":"https:\/\/obscom.intervozes.org.br\/index.php?rest_route=\/wp\/v2\/posts\/21175"}],"collection":[{"href":"https:\/\/obscom.intervozes.org.br\/index.php?rest_route=\/wp\/v2\/posts"}],"about":[{"href":"https:\/\/obscom.intervozes.org.br\/index.php?rest_route=\/wp\/v2\/types\/post"}],"author":[{"embeddable":true,"href":"https:\/\/obscom.intervozes.org.br\/index.php?rest_route=\/wp\/v2\/users\/1"}],"replies":[{"embeddable":true,"href":"https:\/\/obscom.intervozes.org.br\/index.php?rest_route=%2Fwp%2Fv2%2Fcomments&post=21175"}],"version-history":[{"count":0,"href":"https:\/\/obscom.intervozes.org.br\/index.php?rest_route=\/wp\/v2\/posts\/21175\/revisions"}],"wp:attachment":[{"href":"https:\/\/obscom.intervozes.org.br\/index.php?rest_route=%2Fwp%2Fv2%2Fmedia&parent=21175"}],"wp:term":[{"taxonomy":"category","embeddable":true,"href":"https:\/\/obscom.intervozes.org.br\/index.php?rest_route=%2Fwp%2Fv2%2Fcategories&post=21175"},{"taxonomy":"post_tag","embeddable":true,"href":"https:\/\/obscom.intervozes.org.br\/index.php?rest_route=%2Fwp%2Fv2%2Ftags&post=21175"}],"curies":[{"name":"wp","href":"https:\/\/api.w.org\/{rel}","templated":true}]}}