{"id":21171,"date":"2008-05-15T14:25:09","date_gmt":"2008-05-15T14:25:09","guid":{"rendered":"https:\/\/obscom.intervozes.org.br\/wordpress\/?p=21171"},"modified":"2008-05-15T14:25:09","modified_gmt":"2008-05-15T14:25:09","slug":"anatel-adia-votacao-sobre-mudancas-no-marco-regulatorio-das-telecomunicacoes","status":"publish","type":"post","link":"https:\/\/obscom.intervozes.org.br\/?p=21171","title":{"rendered":"Anatel adia vota\u00e7\u00e3o sobre mudan\u00e7as no marco regulat\u00f3rio das telecomunica\u00e7\u00f5es"},"content":{"rendered":"\n<p>Em reuni&atilde;o ocorrida ontem, o conselho diretor da Anatel decidiu adiar a vota&ccedil;&atilde;o da proposta de consulta p&uacute;blica do Plano Geral para Atualiza&ccedil;&atilde;o do Marco Regulat&oacute;rio das Telecomunica&ccedil;&otilde;es no Brasil (PGR), principal mat&eacute;ria da pauta da reuni&atilde;o. O conselheiro Pl&iacute;nio de Aguiar J&uacute;nior pediu vistas e a inclus&atilde;o da mat&eacute;ria na pauta da pr&oacute;xima semana depende de decis&atilde;o dele.<\/p>\n<p>Com o adiamento, o PGR poder&aacute; ser votado junto com as mudan&ccedil;as no PGO (Plano Geral de Outorgas), que pretende alterar a legisla&ccedil;&atilde;o em favor da opera&ccedil;&atilde;o de fus&atilde;o entre a Oi e a Brasil Telecom.<\/p>\n<p>&nbsp;<br \/>Com informa&ccedil;&otilde;es da Tele S&iacute;ntese&nbsp;<\/p>\n","protected":false},"excerpt":{"rendered":"<p>Em reuni&atilde;o ocorrida ontem, o conselho diretor da Anatel decidiu adiar a vota&ccedil;&atilde;o da proposta de consulta p&uacute;blica do Plano Geral para Atualiza&ccedil;&atilde;o do Marco Regulat&oacute;rio das Telecomunica&ccedil;&otilde;es no Brasil (PGR), principal mat&eacute;ria da pauta da reuni&atilde;o. O conselheiro Pl&iacute;nio de Aguiar J&uacute;nior pediu vistas e a inclus&atilde;o da mat&eacute;ria na pauta da pr&oacute;xima semana &hellip; <a href=\"https:\/\/obscom.intervozes.org.br\/?p=21171\" class=\"more-link\">Continue lendo <span class=\"screen-reader-text\">Anatel adia vota\u00e7\u00e3o sobre mudan\u00e7as no marco regulat\u00f3rio das telecomunica\u00e7\u00f5es<\/span> <span class=\"meta-nav\">&rarr;<\/span><\/a><\/p>\n","protected":false},"author":1,"featured_media":0,"comment_status":"open","ping_status":"open","sticky":false,"template":"","format":"standard","meta":{"footnotes":""},"categories":[39],"tags":[],"_links":{"self":[{"href":"https:\/\/obscom.intervozes.org.br\/index.php?rest_route=\/wp\/v2\/posts\/21171"}],"collection":[{"href":"https:\/\/obscom.intervozes.org.br\/index.php?rest_route=\/wp\/v2\/posts"}],"about":[{"href":"https:\/\/obscom.intervozes.org.br\/index.php?rest_route=\/wp\/v2\/types\/post"}],"author":[{"embeddable":true,"href":"https:\/\/obscom.intervozes.org.br\/index.php?rest_route=\/wp\/v2\/users\/1"}],"replies":[{"embeddable":true,"href":"https:\/\/obscom.intervozes.org.br\/index.php?rest_route=%2Fwp%2Fv2%2Fcomments&post=21171"}],"version-history":[{"count":0,"href":"https:\/\/obscom.intervozes.org.br\/index.php?rest_route=\/wp\/v2\/posts\/21171\/revisions"}],"wp:attachment":[{"href":"https:\/\/obscom.intervozes.org.br\/index.php?rest_route=%2Fwp%2Fv2%2Fmedia&parent=21171"}],"wp:term":[{"taxonomy":"category","embeddable":true,"href":"https:\/\/obscom.intervozes.org.br\/index.php?rest_route=%2Fwp%2Fv2%2Fcategories&post=21171"},{"taxonomy":"post_tag","embeddable":true,"href":"https:\/\/obscom.intervozes.org.br\/index.php?rest_route=%2Fwp%2Fv2%2Ftags&post=21171"}],"curies":[{"name":"wp","href":"https:\/\/api.w.org\/{rel}","templated":true}]}}