{"id":21167,"date":"2008-05-15T12:13:06","date_gmt":"2008-05-15T12:13:06","guid":{"rendered":"https:\/\/obscom.intervozes.org.br\/wordpress\/?p=21167"},"modified":"2008-05-15T12:13:06","modified_gmt":"2008-05-15T12:13:06","slug":"ministerio-da-cultura-estuda-como-criminalizar-jaba-em-radios","status":"publish","type":"post","link":"https:\/\/obscom.intervozes.org.br\/?p=21167","title":{"rendered":"Minist\u00e9rio da Cultura estuda como criminalizar jab\u00e1 em r\u00e1dios"},"content":{"rendered":"<p>A pr&aacute;tica do jab&aacute; &ndash; pagamento feito pelas gravadoras &agrave;s r&aacute;dios para tocarem m&uacute;sicas de seus artistas &#8211; pode estar com os dias contados. Esse &eacute; o plano do Minist&eacute;rio da Cultura (MinC), que trabalha na elabora&ccedil;&atilde;o de um projeto para acabar com a farra do jabacul&ecirc;.<\/p>\n<p>&quot;N&oacute;s vamos tentar finalmente criminalizar o jab&aacute;&quot; afirma o Secret&aacute;rio de Pol&iacute;ticas Culturais do MinC, Alfredo Manevy. De acordo com ele, dentro de um semestre o assunto estar&aacute; pronto para ser colocado em discuss&atilde;o.<\/p>\n<p>Para o secret&aacute;rio, a criminaliza&ccedil;&atilde;o da pr&aacute;tica faz parte de um processo que pretende dar uma nova cara para o papel do poder p&uacute;blico na cultura. &quot;Num bom cen&aacute;rio, a gente pode ter, ano que vem, uma mudan&ccedil;a no quadro regulat&oacute;rio da cultura no pa&iacute;s&quot;.<\/p>\n<p>A id&eacute;ia n&atilde;o &eacute; nova. Desde 2003 corre no congresso o projeto de lei 1.048, de autoria do deputado Fernando Ferro (PT-PE), proibindo emissoras de r&aacute;dio e televis&atilde;o de receberem jab&aacute;. Segundo Germana Accioly, assessora de comunica&ccedil;&atilde;o de Ferro, o PL 1.048\/03 &eacute; fruto de conversas entre o deputado e o m&uacute;sico Lob&atilde;o e atualmente aguarda na fila para aprecia&ccedil;&atilde;o em plen&aacute;rio. &quot;Ele j&aacute; passou por todas as comiss&otilde;es que tinha de passar, agora depende da lista de prioridades&quot; explica Germana.<\/p>\n<p>De acordo com o projeto de Ferro, o jab&aacute; &quot;favorece quem tem estrutura financeira e prejudica novos artistas (&#8230;) que n&atilde;o possuem, como retaguarda, um grande esquema&quot;. Para o deputado, esse cen&aacute;rio &quot;contraria o princ&iacute;pio das autoriza&ccedil;&otilde;es, concess&otilde;es e permiss&otilde;es p&uacute;blicas de radiodifus&atilde;o, privilegiando a minoria e tornando menos democr&aacute;ticos os ve&iacute;culos de comunica&ccedil;&atilde;o&quot;. Em virtude disso, o documento estabelece que receber jab&aacute; &quot;constitui crime, pun&iacute;vel com a pena de deten&ccedil;&atilde;o, de 1 (um) a 2 (dois) anos&quot;.<\/p>\n<p>O PL 1.048\/03 j&aacute; passou pelas comiss&otilde;es de Ci&ecirc;ncia e Tecnologia, Comunica&ccedil;&atilde;o e Inform&aacute;tica, Educa&ccedil;&atilde;o e Cultura e Constitui&ccedil;&atilde;o e Justi&ccedil;a e de Cidadania. Em 2007, um pedido de urg&ecirc;ncia para o assunto, apresentado pelo deputado Miro Teixeira (PDT-RJ), foi indeferido pela mesa diretora da c&acirc;mara.<\/p>\n<p>Na concep&ccedil;&atilde;o de Manevy, um passo fundamental para o fim do jab&aacute; &eacute; encarar o lobby dos radiodifusores dentro do congresso. Para o secret&aacute;rio, uma articula&ccedil;&atilde;o do setor pode inviabilizar a regulamenta&ccedil;&atilde;o e acabar com a legitimidade do projeto do Minist&eacute;rio da Cultura. &quot;Se for s&oacute; um acerto aritm&eacute;tico entre partidos, a gente vai ter que jogar muita coisa no mar&quot;, analisa.<\/p>\n","protected":false},"excerpt":{"rendered":"<p>A pr&aacute;tica do jab&aacute; &ndash; pagamento feito pelas gravadoras &agrave;s r&aacute;dios para tocarem m&uacute;sicas de seus artistas &#8211; pode estar com os dias contados. Esse &eacute; o plano do Minist&eacute;rio da Cultura (MinC), que trabalha na elabora&ccedil;&atilde;o de um projeto para acabar com a farra do jabacul&ecirc;. &quot;N&oacute;s vamos tentar finalmente criminalizar o jab&aacute;&quot; afirma &hellip; <a href=\"https:\/\/obscom.intervozes.org.br\/?p=21167\" class=\"more-link\">Continue lendo <span class=\"screen-reader-text\">Minist\u00e9rio da Cultura estuda como criminalizar jab\u00e1 em r\u00e1dios<\/span> <span class=\"meta-nav\">&rarr;<\/span><\/a><\/p>\n","protected":false},"author":1,"featured_media":0,"comment_status":"open","ping_status":"open","sticky":false,"template":"","format":"standard","meta":{"footnotes":""},"categories":[40],"tags":[315],"_links":{"self":[{"href":"https:\/\/obscom.intervozes.org.br\/index.php?rest_route=\/wp\/v2\/posts\/21167"}],"collection":[{"href":"https:\/\/obscom.intervozes.org.br\/index.php?rest_route=\/wp\/v2\/posts"}],"about":[{"href":"https:\/\/obscom.intervozes.org.br\/index.php?rest_route=\/wp\/v2\/types\/post"}],"author":[{"embeddable":true,"href":"https:\/\/obscom.intervozes.org.br\/index.php?rest_route=\/wp\/v2\/users\/1"}],"replies":[{"embeddable":true,"href":"https:\/\/obscom.intervozes.org.br\/index.php?rest_route=%2Fwp%2Fv2%2Fcomments&post=21167"}],"version-history":[{"count":0,"href":"https:\/\/obscom.intervozes.org.br\/index.php?rest_route=\/wp\/v2\/posts\/21167\/revisions"}],"wp:attachment":[{"href":"https:\/\/obscom.intervozes.org.br\/index.php?rest_route=%2Fwp%2Fv2%2Fmedia&parent=21167"}],"wp:term":[{"taxonomy":"category","embeddable":true,"href":"https:\/\/obscom.intervozes.org.br\/index.php?rest_route=%2Fwp%2Fv2%2Fcategories&post=21167"},{"taxonomy":"post_tag","embeddable":true,"href":"https:\/\/obscom.intervozes.org.br\/index.php?rest_route=%2Fwp%2Fv2%2Ftags&post=21167"}],"curies":[{"name":"wp","href":"https:\/\/api.w.org\/{rel}","templated":true}]}}