{"id":21166,"date":"2008-05-14T23:12:49","date_gmt":"2008-05-14T23:12:49","guid":{"rendered":"https:\/\/obscom.intervozes.org.br\/wordpress\/?p=21166"},"modified":"2008-05-14T23:12:49","modified_gmt":"2008-05-14T23:12:49","slug":"audiencia-para-discutir-o-conselho-de-comunicacao-e-novamente-adiada","status":"publish","type":"post","link":"https:\/\/obscom.intervozes.org.br\/?p=21166","title":{"rendered":"Audi\u00eancia para discutir o Conselho de Comunica\u00e7\u00e3o \u00e9 novamente adiada"},"content":{"rendered":"<p>Ap&oacute;s ter sido remarcada da semana passada para esta quarta-feira (14), a audi&ecirc;ncia p&uacute;blica para discutir o funcionamento do Conselho de Comunica&ccedil;&atilde;o Social e do Conselho Consultivo da Anatel proposta pela deputada Luiza Erundina (PSB-SP) foi novamente adiada. <\/p>\n<p style=\"margin: 0in 0in 0pt\" class=\"MsoNormal\">O motivo foi a falta absoluta de condi&ccedil;&otilde;es para sua realiza&ccedil;&atilde;o. A reuni&atilde;o sequer&nbsp;teve&nbsp;local para acontecer, uma vez que o plen&aacute;rio reservado para o encontro&nbsp;foi ocupado com outra audi&ecirc;ncia. Al&eacute;m deste imprevisto, convidados importantes para o debate, como o presidente da Ag&ecirc;ncia Nacional de Telecomunica&ccedil;&otilde;es, Ronaldo Sardemberg, e o presidente do Senado, Garibaldi Alves (PMDB-RN), n&atilde;o compareceram.<\/p>\n<p style=\"margin: 0in 0in 0pt\" class=\"MsoNormal\">&nbsp;<\/p>\n<p style=\"margin: 0in 0in 0pt\" class=\"MsoNormal\">Al&eacute;m destas aus&ecirc;ncias, o presidente da Comiss&atilde;o de Ci&ecirc;ncia, Tecnologia, Comunica&ccedil;&atilde;o e Inform&aacute;tica, Walter Pinheiro (PT-BA) tamb&eacute;m n&atilde;o apareceu. Frente &agrave;s dificuldades, n&atilde;o restou op&ccedil;&atilde;o &agrave; proponente a n&atilde;o ser adiar novamente a audi&ecirc;ncia, ainda sem data definida. <\/p>\n<p style=\"margin: 0in 0in 0pt\" class=\"MsoNormal\">&nbsp;<\/p>\n<p style=\"margin: 0in 0in 0pt\" class=\"MsoNormal\">Outra decis&atilde;o tomada pelos presentes foi a tentativa de agendamento de uma reuni&atilde;o entre parlamentares da CCTCI e entidades da sociedade civil e o presidente do Senado Federal. O objetivo &eacute; tentar abrir uma discuss&atilde;o sobre a pr&oacute;xima gest&atilde;o do Conselho de modo a garantir que sua composi&ccedil;&atilde;o e funcionamento possam ser mais qualificadas do que a anterior a partir de um processo mais aberto e transparente.<\/p>\n","protected":false},"excerpt":{"rendered":"<p>Ap&oacute;s ter sido remarcada da semana passada para esta quarta-feira (14), a audi&ecirc;ncia p&uacute;blica para discutir o funcionamento do Conselho de Comunica&ccedil;&atilde;o Social e do Conselho Consultivo da Anatel proposta pela deputada Luiza Erundina (PSB-SP) foi novamente adiada. O motivo foi a falta absoluta de condi&ccedil;&otilde;es para sua realiza&ccedil;&atilde;o. A reuni&atilde;o sequer&nbsp;teve&nbsp;local para acontecer, uma &hellip; <a href=\"https:\/\/obscom.intervozes.org.br\/?p=21166\" class=\"more-link\">Continue lendo <span class=\"screen-reader-text\">Audi\u00eancia para discutir o Conselho de Comunica\u00e7\u00e3o \u00e9 novamente adiada<\/span> <span class=\"meta-nav\">&rarr;<\/span><\/a><\/p>\n","protected":false},"author":1,"featured_media":0,"comment_status":"open","ping_status":"open","sticky":false,"template":"","format":"standard","meta":{"footnotes":""},"categories":[39],"tags":[],"_links":{"self":[{"href":"https:\/\/obscom.intervozes.org.br\/index.php?rest_route=\/wp\/v2\/posts\/21166"}],"collection":[{"href":"https:\/\/obscom.intervozes.org.br\/index.php?rest_route=\/wp\/v2\/posts"}],"about":[{"href":"https:\/\/obscom.intervozes.org.br\/index.php?rest_route=\/wp\/v2\/types\/post"}],"author":[{"embeddable":true,"href":"https:\/\/obscom.intervozes.org.br\/index.php?rest_route=\/wp\/v2\/users\/1"}],"replies":[{"embeddable":true,"href":"https:\/\/obscom.intervozes.org.br\/index.php?rest_route=%2Fwp%2Fv2%2Fcomments&post=21166"}],"version-history":[{"count":0,"href":"https:\/\/obscom.intervozes.org.br\/index.php?rest_route=\/wp\/v2\/posts\/21166\/revisions"}],"wp:attachment":[{"href":"https:\/\/obscom.intervozes.org.br\/index.php?rest_route=%2Fwp%2Fv2%2Fmedia&parent=21166"}],"wp:term":[{"taxonomy":"category","embeddable":true,"href":"https:\/\/obscom.intervozes.org.br\/index.php?rest_route=%2Fwp%2Fv2%2Fcategories&post=21166"},{"taxonomy":"post_tag","embeddable":true,"href":"https:\/\/obscom.intervozes.org.br\/index.php?rest_route=%2Fwp%2Fv2%2Ftags&post=21166"}],"curies":[{"name":"wp","href":"https:\/\/api.w.org\/{rel}","templated":true}]}}