{"id":21161,"date":"2008-05-14T12:25:10","date_gmt":"2008-05-14T12:25:10","guid":{"rendered":"https:\/\/obscom.intervozes.org.br\/wordpress\/?p=21161"},"modified":"2008-05-14T12:25:10","modified_gmt":"2008-05-14T12:25:10","slug":"anatel-dara-explicacoes-ao-conselho-consultivo-no-dia-30","status":"publish","type":"post","link":"https:\/\/obscom.intervozes.org.br\/?p=21161","title":{"rendered":"Anatel dar\u00e1 explica\u00e7\u00f5es ao Conselho Consultivo no dia 30"},"content":{"rendered":"<p><span>A pol&ecirc;mica em torno da aus&ecirc;ncia da cl&aacute;usula de reversibilidade do backhaul nos termos aditivos dos contratos do STFC promete n&atilde;o dar refresco &agrave; Anatel t&atilde;o cedo. A pr&oacute;xima reuni&atilde;o do Conselho Consultivo da ag&ecirc;ncia, marcada para o dia 30 de maio, &uacute;ltima sexta-feira do m&ecirc;s, tratar&aacute; da quest&atilde;o, entre outros assuntos. O encontro pode render uma recomenda&ccedil;&atilde;o &agrave; Anatel sobre o fato, como um pedido de mudan&ccedil;a no texto dos contratos para que a reversibilidade fique clara. Esta &eacute; apenas uma hip&oacute;tese por enquanto e depender&aacute; das explica&ccedil;&otilde;es da ag&ecirc;ncia reguladora sobre o motivo de extirpar a cl&aacute;usula que tratava do assunto nos contratos assinados com as concession&aacute;rias. <\/p>\n<p><\/span><span>A import&acirc;ncia do encontro se d&aacute; tamb&eacute;m pelo fato de que o Conselho Consultivo pediu explica&ccedil;&otilde;es formais &agrave; Anatel sobre os motivos que levaram &agrave; optar por um contrato sem a reversibilidade expl&iacute;cita no texto. No dia 30, dever&aacute; participar do encontro um representante da ag&ecirc;ncia reguladora, provavelmente um funcion&aacute;rio da &aacute;rea t&eacute;cnica, para prestar os esclarecimentos solicitados pelo grupo consultivo. A presid&ecirc;ncia da Anatel ainda n&atilde;o definiu quem ser&aacute; enviado &agrave; reuni&atilde;o, mas o presidente do Conselho Consultivo, Vilson Vedana, espera que seja algu&eacute;m bem inteirado das decis&otilde;es tomadas pela ag&ecirc;ncia. <\/p>\n<p><\/span><span>Vedana admite que &eacute; improv&aacute;vel que o pr&oacute;prio presidente da autarquia, embaixador Ronaldo Sardenberg, compare&ccedil;a ao encontro. Mas ressaltou que foi solicitada a presen&ccedil;a de uma &quot;autoridade&quot; da ag&ecirc;ncia, algu&eacute;m que responda em nome do &oacute;rg&atilde;o e tenha conhecimento dos motivos que levaram &agrave; decis&atilde;o de retirar a cl&aacute;usula. O encontro ser&aacute; aberto para o p&uacute;blico na sala de reuni&otilde;es do Conselho Consultivo, localizada no 10&ordm; da sede da Anatel, &agrave;s 10h. <\/p>\n<p><\/span><span>Na mesma reuni&atilde;o ser&aacute; dada posse ao novo membro do conselho, o advogado Walter Faiad de Moura, que assumir&aacute; uma das duas vagas representativas dos usu&aacute;rios. O grupo tamb&eacute;m ir&aacute; deliberar sobre as contas da ag&ecirc;ncia e, sobre este tema, &eacute; aguardada a presen&ccedil;a da superintendente-executiva da Anatel, Simone Cossetin Scholze. <\/p>\n<p><\/span><span>A pol&ecirc;mica em torno da reversibilidade ou n&atilde;o do backhaul come&ccedil;ou dentro do Conselho Consultivo, quando a conselheira Fl&aacute;via Lef&egrave;vre constatou que a ag&ecirc;ncia reguladora assinou aditivos aos contratos do STFC sem a cl&aacute;usula que esclarecia que a nova rede entraria na lista de bens retorn&aacute;veis &agrave; Uni&atilde;o. <\/p>\n<p><\/span><span>O Minist&eacute;rio das Comunica&ccedil;&otilde;es e a Anatel defendem que a cl&aacute;usula &#8211; prevista na proposta de altera&ccedil;&atilde;o contratual que foi &agrave; consulta p&uacute;blica &#8211; era desnecess&aacute;ria, uma vez que o decreto que altera o PGMU para a cria&ccedil;&atilde;o do backhaul como uma meta de universaliza&ccedil;&atilde;o j&aacute; prev&ecirc; que a rede &eacute; &quot;de suporte ao STFC para o provimento de banda larga&quot;. Assim, no entendimento do Minicom e da ag&ecirc;ncia, o backhaul faz parte da lista de bens revers&iacute;veis.&nbsp; <\/span><\/p>\n","protected":false},"excerpt":{"rendered":"<p>A pol&ecirc;mica em torno da aus&ecirc;ncia da cl&aacute;usula de reversibilidade do backhaul nos termos aditivos dos contratos do STFC promete n&atilde;o dar refresco &agrave; Anatel t&atilde;o cedo. A pr&oacute;xima reuni&atilde;o do Conselho Consultivo da ag&ecirc;ncia, marcada para o dia 30 de maio, &uacute;ltima sexta-feira do m&ecirc;s, tratar&aacute; da quest&atilde;o, entre outros assuntos. O encontro pode &hellip; <a href=\"https:\/\/obscom.intervozes.org.br\/?p=21161\" class=\"more-link\">Continue lendo <span class=\"screen-reader-text\">Anatel dar\u00e1 explica\u00e7\u00f5es ao Conselho Consultivo no dia 30<\/span> <span class=\"meta-nav\">&rarr;<\/span><\/a><\/p>\n","protected":false},"author":1,"featured_media":0,"comment_status":"open","ping_status":"open","sticky":false,"template":"","format":"standard","meta":{"footnotes":""},"categories":[40],"tags":[756],"_links":{"self":[{"href":"https:\/\/obscom.intervozes.org.br\/index.php?rest_route=\/wp\/v2\/posts\/21161"}],"collection":[{"href":"https:\/\/obscom.intervozes.org.br\/index.php?rest_route=\/wp\/v2\/posts"}],"about":[{"href":"https:\/\/obscom.intervozes.org.br\/index.php?rest_route=\/wp\/v2\/types\/post"}],"author":[{"embeddable":true,"href":"https:\/\/obscom.intervozes.org.br\/index.php?rest_route=\/wp\/v2\/users\/1"}],"replies":[{"embeddable":true,"href":"https:\/\/obscom.intervozes.org.br\/index.php?rest_route=%2Fwp%2Fv2%2Fcomments&post=21161"}],"version-history":[{"count":0,"href":"https:\/\/obscom.intervozes.org.br\/index.php?rest_route=\/wp\/v2\/posts\/21161\/revisions"}],"wp:attachment":[{"href":"https:\/\/obscom.intervozes.org.br\/index.php?rest_route=%2Fwp%2Fv2%2Fmedia&parent=21161"}],"wp:term":[{"taxonomy":"category","embeddable":true,"href":"https:\/\/obscom.intervozes.org.br\/index.php?rest_route=%2Fwp%2Fv2%2Fcategories&post=21161"},{"taxonomy":"post_tag","embeddable":true,"href":"https:\/\/obscom.intervozes.org.br\/index.php?rest_route=%2Fwp%2Fv2%2Ftags&post=21161"}],"curies":[{"name":"wp","href":"https:\/\/api.w.org\/{rel}","templated":true}]}}