{"id":21157,"date":"2008-05-13T16:22:34","date_gmt":"2008-05-13T16:22:34","guid":{"rendered":"https:\/\/obscom.intervozes.org.br\/wordpress\/?p=21157"},"modified":"2008-05-13T16:22:34","modified_gmt":"2008-05-13T16:22:34","slug":"radios-comunitarias-voltam-a-organizar-abraco-no-ceara","status":"publish","type":"post","link":"https:\/\/obscom.intervozes.org.br\/?p=21157","title":{"rendered":"R\u00e1dios comunit\u00e1rias voltam a organizar Abra\u00e7o no Cear\u00e1"},"content":{"rendered":"<p class=\"MsoNormal\">Reunidas em assembl&eacute;ia no dia 8 de maio, r&aacute;dios de todas as regi&otilde;es do Cear&aacute; aprovaram o Estatuto da Associa&ccedil;&atilde;o Brasileira de R&aacute;dios Comunit&aacute;rias &#8211; Cear&aacute; (Abra&ccedil;o-CE) e tamb&eacute;m elegeram a sua primeira diretoria executiva. <\/p>\n<p>Entre outras metas emergenciais, a Abra&ccedil;o-CE pretende cumprir a rotina de reconstru&ccedil;&atilde;o da entidade no Estado. Um planejamento para os pr&oacute;ximos dois anos ser&aacute; desencadeado em car&aacute;ter de urg&ecirc;ncia, a fim de dar suporte &agrave;s iniciativas de interioriza&ccedil;&atilde;o e de fortalecimento pol&iacute;tico na capital.<\/p>\n","protected":false},"excerpt":{"rendered":"<p>Reunidas em assembl&eacute;ia no dia 8 de maio, r&aacute;dios de todas as regi&otilde;es do Cear&aacute; aprovaram o Estatuto da Associa&ccedil;&atilde;o Brasileira de R&aacute;dios Comunit&aacute;rias &#8211; Cear&aacute; (Abra&ccedil;o-CE) e tamb&eacute;m elegeram a sua primeira diretoria executiva. Entre outras metas emergenciais, a Abra&ccedil;o-CE pretende cumprir a rotina de reconstru&ccedil;&atilde;o da entidade no Estado. Um planejamento para os &hellip; <a href=\"https:\/\/obscom.intervozes.org.br\/?p=21157\" class=\"more-link\">Continue lendo <span class=\"screen-reader-text\">R\u00e1dios comunit\u00e1rias voltam a organizar Abra\u00e7o no Cear\u00e1<\/span> <span class=\"meta-nav\">&rarr;<\/span><\/a><\/p>\n","protected":false},"author":1,"featured_media":0,"comment_status":"open","ping_status":"open","sticky":false,"template":"","format":"standard","meta":{"footnotes":""},"categories":[39],"tags":[194],"_links":{"self":[{"href":"https:\/\/obscom.intervozes.org.br\/index.php?rest_route=\/wp\/v2\/posts\/21157"}],"collection":[{"href":"https:\/\/obscom.intervozes.org.br\/index.php?rest_route=\/wp\/v2\/posts"}],"about":[{"href":"https:\/\/obscom.intervozes.org.br\/index.php?rest_route=\/wp\/v2\/types\/post"}],"author":[{"embeddable":true,"href":"https:\/\/obscom.intervozes.org.br\/index.php?rest_route=\/wp\/v2\/users\/1"}],"replies":[{"embeddable":true,"href":"https:\/\/obscom.intervozes.org.br\/index.php?rest_route=%2Fwp%2Fv2%2Fcomments&post=21157"}],"version-history":[{"count":0,"href":"https:\/\/obscom.intervozes.org.br\/index.php?rest_route=\/wp\/v2\/posts\/21157\/revisions"}],"wp:attachment":[{"href":"https:\/\/obscom.intervozes.org.br\/index.php?rest_route=%2Fwp%2Fv2%2Fmedia&parent=21157"}],"wp:term":[{"taxonomy":"category","embeddable":true,"href":"https:\/\/obscom.intervozes.org.br\/index.php?rest_route=%2Fwp%2Fv2%2Fcategories&post=21157"},{"taxonomy":"post_tag","embeddable":true,"href":"https:\/\/obscom.intervozes.org.br\/index.php?rest_route=%2Fwp%2Fv2%2Ftags&post=21157"}],"curies":[{"name":"wp","href":"https:\/\/api.w.org\/{rel}","templated":true}]}}