{"id":21156,"date":"2008-05-13T15:52:14","date_gmt":"2008-05-13T15:52:14","guid":{"rendered":"https:\/\/obscom.intervozes.org.br\/wordpress\/?p=21156"},"modified":"2008-05-13T15:52:14","modified_gmt":"2008-05-13T15:52:14","slug":"prefeito-ameaca-fechar-radio-comunitaria-em-salinas","status":"publish","type":"post","link":"https:\/\/obscom.intervozes.org.br\/?p=21156","title":{"rendered":"Prefeito amea\u00e7a fechar r\u00e1dio comunit\u00e1ria em Salinas"},"content":{"rendered":"<div>A liberdade de imprensa est&aacute; amea&ccedil;ada em Salinas, munic&iacute;pio de 37 mil habitantes, no Norte de Minas, a 674 km de Belo Horizonte, famoso pela produ&ccedil;&atilde;o de cacha&ccedil;a. A divulga&ccedil;&atilde;o de uma not&iacute;cia sobre notas fiscais superfaturadas em 355%, encontradas na presta&ccedil;&atilde;o de contas de 2007, denunciada por um professor local &agrave; C&acirc;mara Municipal, levou o prefeito Jos&eacute; Ant&ocirc;nio Prates (PTB) a protagonizar sexta-feira (09\/05) um violento ataque &agrave; liberdade de express&atilde;o e de informa&ccedil;&atilde;o contra a R&aacute;dio Sal FM. <\/p>\n<p>Acompanhado da advogada Cristiane Maria Ribeiro; do secret&aacute;rio de Obras, Jo&atilde;o El&iacute;sio; de tr&ecirc;s policiais militares e do delegado Jaime Gomes da Costa, da Pol&iacute;cia Civil, o prefeito &#8211; Z&eacute; Prates &#8211; , como &eacute; mais conhecido, foi at&eacute; a emissora. Durante a investida, o prefeito quis fazer com que, na marra, os microfones da r&aacute;dio fossem abertos para que ele pudesse dar explica&ccedil;&otilde;es &agrave; popula&ccedil;&atilde;o sobre as acusa&ccedil;&otilde;es que lhe s&atilde;o imputadas e que deram causa &agrave; abertura de processo de cassa&ccedil;&atilde;o do seu mandato pela C&acirc;mara Municipal. Caso contr&aacute;rio, amea&ccedil;ou processar os respons&aacute;veis pela r&aacute;dio e at&eacute; fechar a emissora. <\/p>\n<p>O presidente da r&aacute;dio, Miguel Bernab&eacute; Freire, informou que vai denunciar o caso ao Minist&eacute;rio P&uacute;blico. Segundo ele, tanto a Pol&iacute;cia Militar quanto a Pol&iacute;cia Civil se recusaram a lavrar boletim de ocorr&ecirc;ncia solicitado pela emissora sobre o acontecido, alegando que dependem da Prefeitura de Salinas para funcionar. &Eacute; a Prefeitura que paga as despesas de manuten&ccedil;&atilde;o de ve&iacute;culos das duas corpora&ccedil;&otilde;es no munic&iacute;pio, fornece combust&iacute;vel e custeia materiais de higiene e limpeza da delegacia e do quartel. <\/p>\n<p>A ira do prefeito Z&eacute; Prates se deve a uma entrevista que a emissora divulgou no dia 6 de maio com o professor Welshman Gustavo Pinheiro, autor da den&uacute;ncia encaminhada &agrave; C&acirc;mara Municipal de Salinas, sobre o uso de notas superfaturadas. A den&uacute;ncia, acompanhada de v&aacute;rios documentos, foi aceita por oito votos a zero e uma Comiss&atilde;o Processante foi formada para dar in&iacute;cio ao processo de cassa&ccedil;&atilde;o do prefeito. <\/p>\n<p>O professor, autor da den&uacute;ncia, tamb&eacute;m maneja na Justi&ccedil;a de Salinas uma A&ccedil;&atilde;o Popular, atrav&eacute;s do advogado Geraldo Fl&aacute;vio de Macedo Soares, destinada a anular a suposta aquisi&ccedil;&atilde;o de 50 banners (faixas) feita pela Prefeitura junto &agrave; empresa Grafimoc, de Montes Claros, pelo pre&ccedil;o de R$ 6.750,00. Or&ccedil;amentos feitos junto a diversas empresas do ramo indicam que os banners podiam ter sido adquiridos por R$ 1.500,00 a R$ 1.900,00. De acordo com a nota fiscal encontrada na contabilidade da prefeitura, cada banner saiu para a Prefeitura de Salinas por R$ 135,00, quando o custo unit&aacute;rio normalmente seria de R$ 30,00 a R$ 38,00, de acordo or&ccedil;amentos realizados em outras empresas. <\/p>\n<p>A R&aacute;dio Sal FM estava trabalhando com as portas fechadas no dia 9 de maio, quando o Cabo Edison, da Pol&iacute;cia Militar, chegou a uma janela da emissora que d&aacute; para a Avenida Floripes Crispim, no bairro Panorama, chamando pelo nome o presidente da emissora. Quando abriu a porta para o Cabo, Bernab&eacute; Freire se deparou com o prefeito Z&eacute; Prates, acompanhado da advogada Cristiane Maria Ribeiro; do secret&aacute;rio de Obras, Jo&atilde;o El&iacute;sio, tr&ecirc;s policiais militares e o delegado de Pol&iacute;cia Civil, Jaime Gomes Costa. <\/p>\n<p>Bernab&eacute; conta que, j&aacute; no interior da emissora, onde adentrou sem autoriza&ccedil;&atilde;o judicial, o prefeito partiu para a amea&ccedil;a. Acusou a emissora de t&ecirc;-lo caluniado e afirmou que se a r&aacute;dio quisesse continuar funcionando, teria que deix&aacute;-lo falar aos moradores naquele exato instante, caso contr&aacute;rio faria tudo para fech&aacute;-la. <\/p>\n<p>Maur&iacute;lia Alves Ramires, diretora da R&aacute;dio Sal FM conta que esta foi a quarta investida do prefeito Z&eacute; Prates contra a emissora, mas a primeira em que ele utilizou-se das Pol&iacute;cias Civil e Militar como e escudo e forma de press&atilde;o. ?Das outras vezes ele veio com seis advogados da Prefeitura e todo o secretariado?, ela diz. <\/p>\n<p><strong>OUTRO LADO <\/p>\n<p><\/strong>O delegado Jaime Gomes da Costa confirma que esteve na emissora de r&aacute;dio, mas diz que s&oacute; compareceu ao local porque foi enganado pelo prefeito.&nbsp; &quot;Recebi um telefonema dele (prefeito) dizendo que estava sendo amea&ccedil;ado pelo pessoal da r&aacute;dio, da&iacute; fui at&eacute; l&aacute;&quot;, explicou. Quando chegou ao local o delegado percebeu que n&atilde;o era isso o que de fato estava ocorrendo. <\/p>\n<p>Por ordem do prefeito, a Pol&iacute;cia Militar lavrou um boletim de ocorr&ecirc;ncia contendo apenas a vers&atilde;o dele sobre os fatos. Por&eacute;m, se recusou a lavrar outro boletim sobre a investida e as amea&ccedil;as de Z&eacute; Prates contra a emissora e seus respons&aacute;veis. A confus&atilde;o s&oacute; se dissipou porque uma aglomera&ccedil;&atilde;o de populares come&ccedil;ou a se formar para ver o que estava acontecendo. Ao perceber que os respons&aacute;veis pela r&aacute;dio chamaram um fot&oacute;grafo para registrar o fato, o prefeito bateu em retirada com a advogada e o secret&aacute;rio que o acompanhavam. <\/p><\/div>\n","protected":false},"excerpt":{"rendered":"<p>A liberdade de imprensa est&aacute; amea&ccedil;ada em Salinas, munic&iacute;pio de 37 mil habitantes, no Norte de Minas, a 674 km de Belo Horizonte, famoso pela produ&ccedil;&atilde;o de cacha&ccedil;a. A divulga&ccedil;&atilde;o de uma not&iacute;cia sobre notas fiscais superfaturadas em 355%, encontradas na presta&ccedil;&atilde;o de contas de 2007, denunciada por um professor local &agrave; C&acirc;mara Municipal, levou &hellip; <a href=\"https:\/\/obscom.intervozes.org.br\/?p=21156\" class=\"more-link\">Continue lendo <span class=\"screen-reader-text\">Prefeito amea\u00e7a fechar r\u00e1dio comunit\u00e1ria em Salinas<\/span> <span class=\"meta-nav\">&rarr;<\/span><\/a><\/p>\n","protected":false},"author":1,"featured_media":0,"comment_status":"open","ping_status":"open","sticky":false,"template":"","format":"standard","meta":{"footnotes":""},"categories":[40],"tags":[155],"_links":{"self":[{"href":"https:\/\/obscom.intervozes.org.br\/index.php?rest_route=\/wp\/v2\/posts\/21156"}],"collection":[{"href":"https:\/\/obscom.intervozes.org.br\/index.php?rest_route=\/wp\/v2\/posts"}],"about":[{"href":"https:\/\/obscom.intervozes.org.br\/index.php?rest_route=\/wp\/v2\/types\/post"}],"author":[{"embeddable":true,"href":"https:\/\/obscom.intervozes.org.br\/index.php?rest_route=\/wp\/v2\/users\/1"}],"replies":[{"embeddable":true,"href":"https:\/\/obscom.intervozes.org.br\/index.php?rest_route=%2Fwp%2Fv2%2Fcomments&post=21156"}],"version-history":[{"count":0,"href":"https:\/\/obscom.intervozes.org.br\/index.php?rest_route=\/wp\/v2\/posts\/21156\/revisions"}],"wp:attachment":[{"href":"https:\/\/obscom.intervozes.org.br\/index.php?rest_route=%2Fwp%2Fv2%2Fmedia&parent=21156"}],"wp:term":[{"taxonomy":"category","embeddable":true,"href":"https:\/\/obscom.intervozes.org.br\/index.php?rest_route=%2Fwp%2Fv2%2Fcategories&post=21156"},{"taxonomy":"post_tag","embeddable":true,"href":"https:\/\/obscom.intervozes.org.br\/index.php?rest_route=%2Fwp%2Fv2%2Ftags&post=21156"}],"curies":[{"name":"wp","href":"https:\/\/api.w.org\/{rel}","templated":true}]}}