{"id":21149,"date":"2008-05-12T17:14:37","date_gmt":"2008-05-12T17:14:37","guid":{"rendered":"https:\/\/obscom.intervozes.org.br\/wordpress\/?p=21149"},"modified":"2008-05-12T17:14:37","modified_gmt":"2008-05-12T17:14:37","slug":"stf-mantem-nomeacao-de-membro-do-conselho-consultivo-da-anatel","status":"publish","type":"post","link":"https:\/\/obscom.intervozes.org.br\/?p=21149","title":{"rendered":"STF mant\u00e9m nomea\u00e7\u00e3o de membro do Conselho Consultivo da Anatel"},"content":{"rendered":"<p style=\"margin: 0cm 0cm 0pt\" class=\"MsoNormal\"><span>O ministro Eros Grau indeferiu liminar no Mandado de Seguran&ccedil;a (MS) 27270 impetrado pela Federa&ccedil;&atilde;o Brasileira de Telecomunica&ccedil;&otilde;es (Febratel). O mandado contesta ato do presidente da Rep&uacute;blica que designou Ricardo Lopes Sanches para exercer fun&ccedil;&atilde;o de membro do Conselho Consultivo da Ag&ecirc;ncia Nacional de Telecomunica&ccedil;&otilde;es (Anatel).<\/p>\n<p><\/span><span>A Febratel alega que, apesar de Ricardo Sanches ter assumido a fun&ccedil;&atilde;o como representante da classe de prestadores de servi&ccedil;os de telecomunica&ccedil;&otilde;es, ele n&atilde;o &eacute; representante dessas entidades, pois &ldquo;&eacute; oriundo e representa entidades de classe com interesses estruturalmente conflitantes&rdquo; com as entidades mencionadas.<\/p>\n<p><\/span><span>Na decis&atilde;o, Eros Grau ressaltou que a nomea&ccedil;&atilde;o de membro componente de conselho consultivo de ag&ecirc;ncia reguladora &eacute; atribui&ccedil;&atilde;o de compet&ecirc;ncia privativa do presidente da Rep&uacute;blica. &ldquo;A nomea&ccedil;&atilde;o de agentes p&uacute;blicos pelo Presidente da Rep&uacute;blica &eacute; livre, dentro dos limites legais e constitucionais. Ao Supremo cabe analisar apenas se a liberdade de escolha do Presidente da Rep&uacute;blica n&atilde;o transp&ocirc;s as veda&ccedil;&otilde;es do ordenamento, o que ser&aacute; poss&iacute;vel somente ap&oacute;s a completa instru&ccedil;&atilde;o deste mandado de seguran&ccedil;a&rdquo;, destacou o relator. Assim, o ministro Eros Grau indeferiu o pedido de medida liminar, &ldquo;sem preju&iacute;zo de sua reaprecia&ccedil;&atilde;o ap&oacute;s a vinda das informa&ccedil;&otilde;es&rdquo;.<\/p>\n<p>* Com informa&ccedil;&otilde;es do STF.<\/span><\/p>\n","protected":false},"excerpt":{"rendered":"<p>O ministro Eros Grau indeferiu liminar no Mandado de Seguran&ccedil;a (MS) 27270 impetrado pela Federa&ccedil;&atilde;o Brasileira de Telecomunica&ccedil;&otilde;es (Febratel). O mandado contesta ato do presidente da Rep&uacute;blica que designou Ricardo Lopes Sanches para exercer fun&ccedil;&atilde;o de membro do Conselho Consultivo da Ag&ecirc;ncia Nacional de Telecomunica&ccedil;&otilde;es (Anatel). A Febratel alega que, apesar de Ricardo Sanches ter &hellip; <a href=\"https:\/\/obscom.intervozes.org.br\/?p=21149\" class=\"more-link\">Continue lendo <span class=\"screen-reader-text\">STF mant\u00e9m nomea\u00e7\u00e3o de membro do Conselho Consultivo da Anatel<\/span> <span class=\"meta-nav\">&rarr;<\/span><\/a><\/p>\n","protected":false},"author":1,"featured_media":0,"comment_status":"open","ping_status":"open","sticky":false,"template":"","format":"standard","meta":{"footnotes":""},"categories":[39],"tags":[],"_links":{"self":[{"href":"https:\/\/obscom.intervozes.org.br\/index.php?rest_route=\/wp\/v2\/posts\/21149"}],"collection":[{"href":"https:\/\/obscom.intervozes.org.br\/index.php?rest_route=\/wp\/v2\/posts"}],"about":[{"href":"https:\/\/obscom.intervozes.org.br\/index.php?rest_route=\/wp\/v2\/types\/post"}],"author":[{"embeddable":true,"href":"https:\/\/obscom.intervozes.org.br\/index.php?rest_route=\/wp\/v2\/users\/1"}],"replies":[{"embeddable":true,"href":"https:\/\/obscom.intervozes.org.br\/index.php?rest_route=%2Fwp%2Fv2%2Fcomments&post=21149"}],"version-history":[{"count":0,"href":"https:\/\/obscom.intervozes.org.br\/index.php?rest_route=\/wp\/v2\/posts\/21149\/revisions"}],"wp:attachment":[{"href":"https:\/\/obscom.intervozes.org.br\/index.php?rest_route=%2Fwp%2Fv2%2Fmedia&parent=21149"}],"wp:term":[{"taxonomy":"category","embeddable":true,"href":"https:\/\/obscom.intervozes.org.br\/index.php?rest_route=%2Fwp%2Fv2%2Fcategories&post=21149"},{"taxonomy":"post_tag","embeddable":true,"href":"https:\/\/obscom.intervozes.org.br\/index.php?rest_route=%2Fwp%2Fv2%2Ftags&post=21149"}],"curies":[{"name":"wp","href":"https:\/\/api.w.org\/{rel}","templated":true}]}}