{"id":21148,"date":"2008-05-12T17:05:29","date_gmt":"2008-05-12T17:05:29","guid":{"rendered":"https:\/\/obscom.intervozes.org.br\/wordpress\/?p=21148"},"modified":"2008-05-12T17:05:29","modified_gmt":"2008-05-12T17:05:29","slug":"ministerio-da-cultura-estuda-alteracoes-na-lei-rouanet","status":"publish","type":"post","link":"https:\/\/obscom.intervozes.org.br\/?p=21148","title":{"rendered":"Minist\u00e9rio da Cultura estuda altera\u00e7\u00f5es na Lei Rouanet"},"content":{"rendered":"<p><span>Bras&iacute;lia &#8211; Discuss&otilde;es internas do governo podem ser propositivas para mudan&ccedil;as na Lei Rouanet (Lei de Incentivo &agrave; Cultura, n&ordm; 8.313\/91). Os sinais de que o governo pretende alterar o mecanismo que permite a isen&ccedil;&atilde;o fiscal a partir da destina&ccedil;&atilde;o de recursos para a produ&ccedil;&atilde;o art&iacute;stica foram dados pelo pr&oacute;prio ministro da Cultura Gilberto Gil, em janeiro deste ano. Mas a pasta s&oacute; deve se pronunciar sobre as poss&iacute;veis propostas em cerca de 15 dias.<\/p>\n<p><\/span><span>O presidente da Funda&ccedil;&atilde;o Nacional de Artes, Celso Frateschi, &eacute; um dos defensores da cria&ccedil;&atilde;o de outros mecanismos legais que n&atilde;o sejam baseados em ren&uacute;ncia fiscal. Para ele, a lei Rouanet restringiu os investimentos &agrave; regi&atilde;o Sudeste.<\/p>\n<p><\/span><span>&ldquo;Por enquanto &eacute; muito fraco o nosso arcabou&ccedil;o legal. Ele se resume praticamente &agrave; Lei Rouanet, e algumas pol&iacute;ticas p&uacute;blicas s&atilde;o realizadas atrav&eacute;s da Lei Rouanet, mas ainda muito baseados nesse fator da ren&uacute;ncia fiscal. &Eacute; preciso ampliar essa legisla&ccedil;&atilde;o para que permita o financiamento p&uacute;blico&rdquo;, disse, na ocasi&atilde;o do Dia Mundial do Teatro.<\/p>\n<p><\/span><span>O assunto op&otilde;e grandes e pequenos produtores culturais &ndash; j&aacute; que, pela visibilidade que d&atilde;o &agrave;s empresas, os primeiros s&atilde;o os que mais conseguem acesso ao benef&iacute;cio (leia sobre o debate no setor do teatro). A Ag&ecirc;ncia Brasil procurou o Minist&eacute;rio da Cultura para saber em que ponto est&atilde;o as discuss&otilde;es sobre a poss&iacute;vel revis&atilde;o, que informou que o debate &eacute; interno e n&atilde;o conceder&aacute; entrevistas antes de uma maior defini&ccedil;&atilde;o.<\/p>\n<p><\/span><span>Depois de estudar por tr&ecirc;s anos a pol&iacute;tica e a economia da cultura no pa&iacute;s, o pesquisador do Instituto de Pesquisas Econ&ocirc;micas Aplicadas (Ipea), Frederico Barbosa da Silva, lan&ccedil;ou em 2007 dois livros com as an&aacute;lises e constatou que a Lei acabou por concentrar os investimentos no eixo Rio-S&atilde;o Paulo.<\/p>\n<p><\/span><span>&ldquo;Um dos principais motivos da concentra&ccedil;&atilde;o da lei &eacute; a pr&oacute;pria estrutura de desigualdade da economia, ent&atilde;o a concentra&ccedil;&atilde;o em Rio de S&atilde;o Paulo, na regi&atilde;o Sudeste, da maior capacidade de algumas empresas de captarem, essas s&atilde;o coisas q est&atilde;o na l&oacute;gica da economia do pa&iacute;s, ent&atilde;o temos que ter pol&iacute;ticas de privilegiamento dos menores, de out regi&otilde;es, e assim por diante&rdquo;, defende.<\/p>\n<p><\/span><span>A id&eacute;ia de rever e alterar a Lei n&atilde;o &eacute; assunto novo no governo. Em mar&ccedil;o deste ano, por exemplo, um par&aacute;grafo acrescentado &agrave; Lei estabeleceu a possibilidade da concess&atilde;o de incentivos a quem patrocinasse a constru&ccedil;&atilde;o de salas de cinema em cidades com at&eacute; 100 mil habitantes.<\/p>\n<p><\/span><span>Outra altera&ccedil;&atilde;o recente modificou o escopo da Lei, o que, para Frederico, representa um avan&ccedil;o desde que haja um esfor&ccedil;o de gest&atilde;o para n&atilde;o haver direcionamento ou concentra&ccedil;&atilde;o nos interesses do setor p&uacute;blico ou do setor privado.<\/p>\n<p><\/span><span>&ldquo;Temos agora a possibilidade de estimular arranjos produtivos na &aacute;rea de economia da cultura e de os editais tamb&eacute;m serem aplicados &agrave; Lei Rouanet. Al&eacute;m disso, foram estabelecidos crit&eacute;rios de coordena&ccedil;&atilde;o ou de tentativa de coordena&ccedil;&atilde;o dos editais lan&ccedil;ados pelas empresas junto com o minist&eacute;rio. Hoje o minist&eacute;rio tem que saber o que as empresas est&atilde;o fazendo em termo de editais e posterior &agrave; aplica&ccedil;&atilde;o da Lei Rouanet&rdquo;, detalhou Barbosa.<\/span><\/p>\n","protected":false},"excerpt":{"rendered":"<p>Bras&iacute;lia &#8211; Discuss&otilde;es internas do governo podem ser propositivas para mudan&ccedil;as na Lei Rouanet (Lei de Incentivo &agrave; Cultura, n&ordm; 8.313\/91). Os sinais de que o governo pretende alterar o mecanismo que permite a isen&ccedil;&atilde;o fiscal a partir da destina&ccedil;&atilde;o de recursos para a produ&ccedil;&atilde;o art&iacute;stica foram dados pelo pr&oacute;prio ministro da Cultura Gilberto Gil, &hellip; <a href=\"https:\/\/obscom.intervozes.org.br\/?p=21148\" class=\"more-link\">Continue lendo <span class=\"screen-reader-text\">Minist\u00e9rio da Cultura estuda altera\u00e7\u00f5es na Lei Rouanet<\/span> <span class=\"meta-nav\">&rarr;<\/span><\/a><\/p>\n","protected":false},"author":1,"featured_media":0,"comment_status":"open","ping_status":"open","sticky":false,"template":"","format":"standard","meta":{"footnotes":""},"categories":[40],"tags":[190],"_links":{"self":[{"href":"https:\/\/obscom.intervozes.org.br\/index.php?rest_route=\/wp\/v2\/posts\/21148"}],"collection":[{"href":"https:\/\/obscom.intervozes.org.br\/index.php?rest_route=\/wp\/v2\/posts"}],"about":[{"href":"https:\/\/obscom.intervozes.org.br\/index.php?rest_route=\/wp\/v2\/types\/post"}],"author":[{"embeddable":true,"href":"https:\/\/obscom.intervozes.org.br\/index.php?rest_route=\/wp\/v2\/users\/1"}],"replies":[{"embeddable":true,"href":"https:\/\/obscom.intervozes.org.br\/index.php?rest_route=%2Fwp%2Fv2%2Fcomments&post=21148"}],"version-history":[{"count":0,"href":"https:\/\/obscom.intervozes.org.br\/index.php?rest_route=\/wp\/v2\/posts\/21148\/revisions"}],"wp:attachment":[{"href":"https:\/\/obscom.intervozes.org.br\/index.php?rest_route=%2Fwp%2Fv2%2Fmedia&parent=21148"}],"wp:term":[{"taxonomy":"category","embeddable":true,"href":"https:\/\/obscom.intervozes.org.br\/index.php?rest_route=%2Fwp%2Fv2%2Fcategories&post=21148"},{"taxonomy":"post_tag","embeddable":true,"href":"https:\/\/obscom.intervozes.org.br\/index.php?rest_route=%2Fwp%2Fv2%2Ftags&post=21148"}],"curies":[{"name":"wp","href":"https:\/\/api.w.org\/{rel}","templated":true}]}}