{"id":21142,"date":"2008-05-12T13:13:42","date_gmt":"2008-05-12T13:13:42","guid":{"rendered":"https:\/\/obscom.intervozes.org.br\/wordpress\/?p=21142"},"modified":"2008-05-12T13:13:42","modified_gmt":"2008-05-12T13:13:42","slug":"ebc-e-emissoras-estaduais-definem-modelo-da-rede-brasil","status":"publish","type":"post","link":"https:\/\/obscom.intervozes.org.br\/?p=21142","title":{"rendered":"EBC e emissoras estaduais definem modelo da Rede Brasil"},"content":{"rendered":"<p><span>Desde sua idealiza&ccedil;&atilde;o, no in&iacute;cio de 2007, a TV Brasil vem se deparando com o desafio de definir como ser&aacute; sua rela&ccedil;&atilde;o com as outras emissoras educativas existentes no pa&iacute;s. Ap&oacute;s intensos meses de discuss&atilde;o entre a dire&ccedil;&atilde;o da Empresa Brasil de Comunica&ccedil;&atilde;o (EBC) e as TVs reunidas em torno da Associa&ccedil;&atilde;o Brasileira de Emissoras P&uacute;blicas, Educativas e Culturais (Abepec), uma reuni<\/span>&atilde;o realizada na &uacute;ltima quinta-feira (8) em Bras&iacute;lia bateu o martelo sobre o modelo de organiza&ccedil;&atilde;o destes ve&iacute;culos no que ser&aacute; denominado Rede Brasil.<\/p>\n<p style=\"margin: 0in 0in 0pt\" class=\"MsoNormal\"><span>A iniciativa ser&aacute; estruturada&nbsp;em uma grade de programa&ccedil;&atilde;o de, no m&iacute;nimo, oito horas, a ser veiculada pelas associadas. Destas, quatro horas ser&atilde;o obrigatoriamente preenchidas pelo conjunto de emissoras educativas estaduais, ou as chamadas &ldquo;pra&ccedil;as&rdquo; na linguagem televisiva. O restante do tempo ser&aacute; ofertado pela TV Brasil. &ldquo;&Eacute; a maneira de assegurar diversidade de aportadores&rdquo;, defende o diretor de relacionamentos e rede da EBC, Mario Borgneth.<\/span><\/p>\n<p><span>&nbsp;<\/span> <\/p>\n<p style=\"margin: 0in 0in 0pt\" class=\"MsoNormal\"><span>O formato apresentado foi bem aceito pelos presentes &agrave; reuni&atilde;o. &ldquo;Esta proposta nova de rede tem compromisso muito claro com a quest&atilde;o da regionaliza&ccedil;&atilde;o, da diversifica&ccedil;&atilde;o de produ&ccedil;&atilde;o e da participa&ccedil;&atilde;o da produ&ccedil;&atilde;o independente das emissoras , e tem um vi&eacute;s interessante que &eacute; valoriza&ccedil;&atilde;o do conte&uacute;do e n&atilde;o da m&iacute;dia, da venda de audi&ecirc;ncia&rdquo;, avalia Marco Ant&ocirc;nio Coelho, da Abepec.<\/span><\/p>\n<p><span>&nbsp;<\/span> <\/p>\n<p style=\"margin: 0in 0in 0pt\" class=\"MsoNormal\"><span>As emissoras poder&atilde;o se relacionar de maneiras diferenciadas com a rede. Se optar pela associa&ccedil;&atilde;o plena, uma TV tem o dever de transmitir no m&iacute;nimo a grande comum de oito horas, mas ganha o direito a benef&iacute;cios como investimentos e apoios financeiros na produ&ccedil;&atilde;o e compartilhamento de conte&uacute;do e no desenvolvimento de infra-estrutura. Na modalidade m&iacute;nima, a emissora pode veicular pelo menos tr&ecirc;s horas da grade nacional, por&eacute;m ter&aacute; apoio menor.<\/span><\/p>\n<p><span>A grade de programa&ccedil;&atilde;o ser&aacute; definida por um &ldquo;comit&ecirc; de rede&rdquo; composto por representantes das associadas. Este &oacute;rg&atilde;o ter&aacute; poder de decis&atilde;o n&atilde;o s&oacute; sobre o conte&uacute;do mas tamb<\/span>&eacute;m <span>sobre os projetos que forem desenvolvidos pela rede. A TV Brasil ter&aacute; papel de lideran&ccedil;a, mas este ser&aacute; mais de suporte e de organiza&ccedil;&atilde;o do que de uma cabe&ccedil;a-de-rede.<\/span><\/p>\n<p><span>Segundo Mario Borgneth, a grande diferen&ccedil;a da proposta em rela&ccedil;&atilde;o ao que acontece no setor comercial ou o que j&aacute; foi tentado pela Abepec entre 1999 e 2001 &eacute; que o centro organizador da Rede Brasil ser&aacute; o conte&uacute;do. Isto &eacute;, o elemento que cada ente agrega &agrave; rede &eacute; seu conte&uacute;do, e n&atilde;o a sua capacidade de veicula<\/span>&ccedil;&atilde;o<span>. &ldquo;A TV Brasil podia botar em cada cidade uma geradora, mas fez op&ccedil;&atilde;o de trabalhar com TVs que existem respeitando o esp&iacute;rito do F&oacute;rum de TVs p&uacute;blicas&rdquo;, ap&oacute;ia Marco Ant&ocirc;nio Coelho, fazendo refer&ecirc;ncia a evento realizado em 2007 que apontou em seu documento final a coopera&ccedil;&atilde;o e horizontalidade como princ&iacute;pios da rede que seria criada a partir da &ldquo;nova TV p&uacute;blica do governo federal&rdquo;.<\/span><\/p>\n<p style=\"margin: 0in 0in 0pt\" class=\"MsoNormal\"><span><strong>Financiamento<\/strong><\/span><\/p>\n<p><span>Esta arquitetura tem consequ&ecirc;ncias no modelo de financiamento. A distribu<\/span>&ccedil;&atilde;o dos recursos arrecadados pelos programas da grade nacional se dar&aacute; de maneira diferente ao que &eacute; praticado pelas redes hoje no Brasil. <span>&nbsp;Ao inv&eacute;s das emissoras receberem pelo quoeficiente da sua &ldquo;pra&ccedil;a&rdquo; (&iacute;ndice que cruza o alcance de uma TV afiliada com o poder de consumo de sua &aacute;rea de abrang&ecirc;ncia), o acesso aos recursos se dar&aacute; pela quantidade de conte&uacute;do que est&aacute; sendo veiculado na grade nacional. <\/span><\/p>\n<p><span>Assim, aquelas associadas que tiverem um programa de debates, por exemplo, dentro da grade nacional, ter<\/span>&atilde;o maior participa&ccedil;&atilde;o no que for captado por esta grade do que uma TV que s&oacute; retransmita a programa&ccedil;&atilde;o. A id&eacute;ia &eacute; incentivar as emissoras educativas e produzirem conte&uacute;dos de qualidade com condi&ccedil;&otilde;es de serem ofertados nacionalmente. Hoje, apenas a TV Brasil, a TV Cultura de S&atilde;o Paulo, a Rede Minas e, de maneira menos efetiva, as TVEs do Rio Grande do Sul e Bahia est&atilde;o neste patamar. <\/p>\n<p>Na reuni&atilde;o os participantes tamb&eacute;m aprovaram a veicula&ccedil;&atilde;o de no m&aacute;ximo 15% de propaganda institucional, tal qual prev&ecirc; a Medida Provis&oacute;ria que criou a EBC. Al&eacute;m disso, foi definido que em conte&uacute;dos infantis e filmes de longa metragem n&atilde;o haver&aacute; intervalo para qualquer tipo de vinheta ou pe&ccedil;a de publicidade. &nbsp;Mario Borgneth destaca que a pol&iacute;tica de financiamento tem como foco diminuir as assimetrias existentes entre emissoras de estados como S&atilde;o Paulo e o Acre. Para al&eacute;m da distribui&ccedil;&atilde;o dos recursos arrecadados com a grade nacional, haver&aacute; um montante de investimentos nas TVs estaduais, incluindo do investimento em est&uacute;dios e equipamentos de capta&ccedil;&atilde;o e processamento de imagem at&eacute; suporte &agrave; amplia&ccedil;&atilde;o da estrutura de transmiss&atilde;o e amplia&ccedil;&atilde;o da rede de distribui&ccedil;&atilde;o.&nbsp; <\/p>\n<p style=\"margin: 0in 0in 0pt\" class=\"MsoNormal\"><span><strong>Pr&oacute;ximos passos<\/strong><\/span><\/p>\n<p><span>&nbsp;<\/span> <\/p>\n<p style=\"margin: 0in 0in 0pt\" class=\"MsoNormal\"><span>Definido o formato da rede, haver&aacute; um per&iacute;odo de cerca de dois meses para as emissoras decidirem se far&atilde;o parte ela. &ldquo;A tend&ecirc;ncia &eacute; a ades&atilde;o. Aos poucos cada TV vai se encaixando nas modalidades propostas por que elas ser&atilde;o beneficiadas&rdquo;, prev&ecirc; Marco Ant&ocirc;nio Coelho. Segundo Mario Borgneth, conclu&iacute;do este processo a EBC vai retomar a articula&ccedil;&atilde;o com outros segmentos do campo p&uacute;blico, como as TVs comunit&aacute;rias, legislativas e universit&aacute;rias para discutir a inser&ccedil;&atilde;o destas no sistema p&uacute;blico de comunica&ccedil;&atilde;o. <\/span><\/p>\n<p><span>&nbsp;<\/span> <\/p>\n<p style=\"margin: 0in 0in 0pt\" class=\"MsoNormal\"><span>Desde a realiza&ccedil;&atilde;o do F&oacute;rum de TVs P&uacute;blicas, quando todas estas modalidades estiveram reunidas na elabora&ccedil;&atilde;o de pol&iacute;ticas para o campo p&uacute;blico de televis&atilde;o, que estes segmentos citados por Borgneth t&ecirc;m estado relegados a segundo plano. A principal demanda &eacute; que estes canais tenham espa&ccedil;o no sinal aberto com a implanta&ccedil;&atilde;o da TV digital no Brasil. Vencida a etapa da Rede Brasil, a amplia&ccedil;&atilde;o deste esfor&ccedil;o para o conjunto do campo p&uacute;blico passa por desatar este n&oacute;.<\/span><\/p>\n","protected":false},"excerpt":{"rendered":"<p>Rede ter\u00e1 grade de programa\u00e7\u00e3o comum de oito horas, sendo quatro das emissoras estaduais e quatro da TV Brasil; modelo de financiamento vai compartilhar recursos para equilibrar assimetrias regionais.<\/p>\n","protected":false},"author":1,"featured_media":0,"comment_status":"open","ping_status":"open","sticky":false,"template":"","format":"standard","meta":{"footnotes":""},"categories":[40],"tags":[259],"_links":{"self":[{"href":"https:\/\/obscom.intervozes.org.br\/index.php?rest_route=\/wp\/v2\/posts\/21142"}],"collection":[{"href":"https:\/\/obscom.intervozes.org.br\/index.php?rest_route=\/wp\/v2\/posts"}],"about":[{"href":"https:\/\/obscom.intervozes.org.br\/index.php?rest_route=\/wp\/v2\/types\/post"}],"author":[{"embeddable":true,"href":"https:\/\/obscom.intervozes.org.br\/index.php?rest_route=\/wp\/v2\/users\/1"}],"replies":[{"embeddable":true,"href":"https:\/\/obscom.intervozes.org.br\/index.php?rest_route=%2Fwp%2Fv2%2Fcomments&post=21142"}],"version-history":[{"count":0,"href":"https:\/\/obscom.intervozes.org.br\/index.php?rest_route=\/wp\/v2\/posts\/21142\/revisions"}],"wp:attachment":[{"href":"https:\/\/obscom.intervozes.org.br\/index.php?rest_route=%2Fwp%2Fv2%2Fmedia&parent=21142"}],"wp:term":[{"taxonomy":"category","embeddable":true,"href":"https:\/\/obscom.intervozes.org.br\/index.php?rest_route=%2Fwp%2Fv2%2Fcategories&post=21142"},{"taxonomy":"post_tag","embeddable":true,"href":"https:\/\/obscom.intervozes.org.br\/index.php?rest_route=%2Fwp%2Fv2%2Ftags&post=21142"}],"curies":[{"name":"wp","href":"https:\/\/api.w.org\/{rel}","templated":true}]}}