{"id":21138,"date":"2008-05-12T11:06:04","date_gmt":"2008-05-12T11:06:04","guid":{"rendered":"https:\/\/obscom.intervozes.org.br\/wordpress\/?p=21138"},"modified":"2008-05-12T11:06:04","modified_gmt":"2008-05-12T11:06:04","slug":"inscricoes-para-a-xiv-plenaria-nacional-do-fndc-se-encerram-hoje-12-de-maio","status":"publish","type":"post","link":"https:\/\/obscom.intervozes.org.br\/?p=21138","title":{"rendered":"Inscri\u00e7\u00f5es para a XIV Plen\u00e1ria Nacional do FNDC se encerram hoje, 12 de maio"},"content":{"rendered":"<p>As inscri&ccedil;&otilde;es para a XIV Plen&aacute;ria Nacional do F&oacute;rum Nacional pela Democratiza&ccedil;&atilde;o da Comunica&ccedil;&atilde;o (FNDC) se encerram hoje, 12 de maio, segunda-feira. O evento acontecer&aacute; nos dias 16 e 17 de maio, em Bras&iacute;lia\/DF.<\/p>\n<p>No dia 14 de maio, ser&aacute; divulgada a lista oficial das entidades nacionais, Comit&ecirc;s Regionais inscritos e habilitados a participar do evento, bem como ser&aacute; feita a distribui&ccedil;&atilde;o eletr&ocirc;nica das Teses e Propostas de Resolu&ccedil;&otilde;es. <\/p>\n<p>Todas as informa&ccedil;&otilde;es sobre a XIV Plen&aacute;ria podem ser obtidas clicando <a href=\"http:\/\/www.fndc.org.br\/internas.php?p=14plenaria\">aqui<\/a>.<\/p>\n","protected":false},"excerpt":{"rendered":"<p>As inscri&ccedil;&otilde;es para a XIV Plen&aacute;ria Nacional do F&oacute;rum Nacional pela Democratiza&ccedil;&atilde;o da Comunica&ccedil;&atilde;o (FNDC) se encerram hoje, 12 de maio, segunda-feira. O evento acontecer&aacute; nos dias 16 e 17 de maio, em Bras&iacute;lia\/DF. No dia 14 de maio, ser&aacute; divulgada a lista oficial das entidades nacionais, Comit&ecirc;s Regionais inscritos e habilitados a participar do &hellip; <a href=\"https:\/\/obscom.intervozes.org.br\/?p=21138\" class=\"more-link\">Continue lendo <span class=\"screen-reader-text\">Inscri\u00e7\u00f5es para a XIV Plen\u00e1ria Nacional do FNDC se encerram hoje, 12 de maio<\/span> <span class=\"meta-nav\">&rarr;<\/span><\/a><\/p>\n","protected":false},"author":1,"featured_media":0,"comment_status":"open","ping_status":"open","sticky":false,"template":"","format":"standard","meta":{"footnotes":""},"categories":[39],"tags":[],"_links":{"self":[{"href":"https:\/\/obscom.intervozes.org.br\/index.php?rest_route=\/wp\/v2\/posts\/21138"}],"collection":[{"href":"https:\/\/obscom.intervozes.org.br\/index.php?rest_route=\/wp\/v2\/posts"}],"about":[{"href":"https:\/\/obscom.intervozes.org.br\/index.php?rest_route=\/wp\/v2\/types\/post"}],"author":[{"embeddable":true,"href":"https:\/\/obscom.intervozes.org.br\/index.php?rest_route=\/wp\/v2\/users\/1"}],"replies":[{"embeddable":true,"href":"https:\/\/obscom.intervozes.org.br\/index.php?rest_route=%2Fwp%2Fv2%2Fcomments&post=21138"}],"version-history":[{"count":0,"href":"https:\/\/obscom.intervozes.org.br\/index.php?rest_route=\/wp\/v2\/posts\/21138\/revisions"}],"wp:attachment":[{"href":"https:\/\/obscom.intervozes.org.br\/index.php?rest_route=%2Fwp%2Fv2%2Fmedia&parent=21138"}],"wp:term":[{"taxonomy":"category","embeddable":true,"href":"https:\/\/obscom.intervozes.org.br\/index.php?rest_route=%2Fwp%2Fv2%2Fcategories&post=21138"},{"taxonomy":"post_tag","embeddable":true,"href":"https:\/\/obscom.intervozes.org.br\/index.php?rest_route=%2Fwp%2Fv2%2Ftags&post=21138"}],"curies":[{"name":"wp","href":"https:\/\/api.w.org\/{rel}","templated":true}]}}