{"id":21128,"date":"2008-05-08T18:07:44","date_gmt":"2008-05-08T18:07:44","guid":{"rendered":"https:\/\/obscom.intervozes.org.br\/wordpress\/?p=21128"},"modified":"2008-05-08T18:07:44","modified_gmt":"2008-05-08T18:07:44","slug":"positivo-so-retoma-producao-com-incremento-das-vendas","status":"publish","type":"post","link":"https:\/\/obscom.intervozes.org.br\/?p=21128","title":{"rendered":"Positivo s\u00f3 retoma produ\u00e7\u00e3o com incremento das vendas"},"content":{"rendered":"<p><span>A Positivo Inform&aacute;tica n&atilde;o desistiu de vender conversores para sinais de TV Digital, o setup-box, mas suspendeu a produ&ccedil;&atilde;o porque mant&eacute;m um volume de equipamentos em estoque. A expectativa da empresa &eacute; que a entrada da TV Digital no Rio de Janeiro, sede da TV Globo, impulsione as vendas dos decodificadores. Segundo a Positivo, o pre&ccedil;o de R$ 499,00 n&atilde;o tem condi&ccedil;&otilde;es de ser modificado.<\/p>\n<p><\/span><span>&quot;S&oacute; vamos voltar a produzir quando as vendas, efetivamente, decolarem. Hoje, elas n&atilde;o s&atilde;o realidade. Mas n&atilde;o estamos fora do neg&oacute;cio, nem desistimos do projeto. S&oacute; n&atilde;o h&aacute; condi&ccedil;&otilde;es de produzir sem vender&quot;, informou o presidente da Positivo Inform&aacute;tica, H&eacute;lio Rotenberg, que participou nesta quarta-feira, 07\/05, de coletiva de imprensa, na capital paulista, para o lan&ccedil;amento da linha de notebooks ultraport&aacute;teis em parceria com a Microsoft.<\/p>\n<p><\/span><span>O executivo n&atilde;o quis revelar o volume j&aacute; vendido de conversores, mas garantiu que a Positivo foi a l&iacute;der das vendas dos equipamentos no varejo. Ainda assim, Rotenberg assume que a TV Digital &quot;n&atilde;o decolou&quot; como se esperava com a entrada em opera&ccedil;&atilde;o na capital paulista. Segundo Rotenberg, com a entrada da TV Digital no Rio de Janeiro, sede da TV Globo, maior emissora do pa&iacute;s, h&aacute; uma expectativa de melhoria dos neg&oacute;cios na &aacute;rea. <\/p>\n<p><\/span><span>Com rela&ccedil;&atilde;o ao pre&ccedil;o &#8211; contestado pelo Ministro das Comunica&ccedil;&otilde;es, H&eacute;lio Costa, o presidente da Positivo diz que, neste momento, sem volume, n&atilde;o h&aacute; como reduzir, mesmo com o d&oacute;lar em baixa. &quot;Estamos no nosso limite de custo&quot;, concluiu Rotenberg.<\/span><span>&nbsp;<\/span><span>&nbsp;<\/span><\/p>\n","protected":false},"excerpt":{"rendered":"<p>A Positivo Inform&aacute;tica n&atilde;o desistiu de vender conversores para sinais de TV Digital, o setup-box, mas suspendeu a produ&ccedil;&atilde;o porque mant&eacute;m um volume de equipamentos em estoque. A expectativa da empresa &eacute; que a entrada da TV Digital no Rio de Janeiro, sede da TV Globo, impulsione as vendas dos decodificadores. Segundo a Positivo, o &hellip; <a href=\"https:\/\/obscom.intervozes.org.br\/?p=21128\" class=\"more-link\">Continue lendo <span class=\"screen-reader-text\">Positivo s\u00f3 retoma produ\u00e7\u00e3o com incremento das vendas<\/span> <span class=\"meta-nav\">&rarr;<\/span><\/a><\/p>\n","protected":false},"author":1,"featured_media":0,"comment_status":"open","ping_status":"open","sticky":false,"template":"","format":"standard","meta":{"footnotes":""},"categories":[40],"tags":[79],"_links":{"self":[{"href":"https:\/\/obscom.intervozes.org.br\/index.php?rest_route=\/wp\/v2\/posts\/21128"}],"collection":[{"href":"https:\/\/obscom.intervozes.org.br\/index.php?rest_route=\/wp\/v2\/posts"}],"about":[{"href":"https:\/\/obscom.intervozes.org.br\/index.php?rest_route=\/wp\/v2\/types\/post"}],"author":[{"embeddable":true,"href":"https:\/\/obscom.intervozes.org.br\/index.php?rest_route=\/wp\/v2\/users\/1"}],"replies":[{"embeddable":true,"href":"https:\/\/obscom.intervozes.org.br\/index.php?rest_route=%2Fwp%2Fv2%2Fcomments&post=21128"}],"version-history":[{"count":0,"href":"https:\/\/obscom.intervozes.org.br\/index.php?rest_route=\/wp\/v2\/posts\/21128\/revisions"}],"wp:attachment":[{"href":"https:\/\/obscom.intervozes.org.br\/index.php?rest_route=%2Fwp%2Fv2%2Fmedia&parent=21128"}],"wp:term":[{"taxonomy":"category","embeddable":true,"href":"https:\/\/obscom.intervozes.org.br\/index.php?rest_route=%2Fwp%2Fv2%2Fcategories&post=21128"},{"taxonomy":"post_tag","embeddable":true,"href":"https:\/\/obscom.intervozes.org.br\/index.php?rest_route=%2Fwp%2Fv2%2Ftags&post=21128"}],"curies":[{"name":"wp","href":"https:\/\/api.w.org\/{rel}","templated":true}]}}