{"id":21125,"date":"2008-05-08T16:26:42","date_gmt":"2008-05-08T16:26:42","guid":{"rendered":"https:\/\/obscom.intervozes.org.br\/wordpress\/?p=21125"},"modified":"2008-05-08T16:26:42","modified_gmt":"2008-05-08T16:26:42","slug":"consulta-sobre-uso-eficiente-do-espectro-alcanca-mais-de-300-contribuicoes","status":"publish","type":"post","link":"https:\/\/obscom.intervozes.org.br\/?p=21125","title":{"rendered":"Consulta sobre uso eficiente do espectro alcan\u00e7a mais de 300 contribui\u00e7\u00f5es"},"content":{"rendered":"<p>A Anatel recebeu 311 contribui&ccedil;&otilde;es &agrave; consulta p&uacute;blica n&ordm; 7, que durante dois meses submeteu ao p&uacute;blico a proposta do regulamento para avalia&ccedil;&atilde;o da efici&ecirc;ncia do uso do espectro de radiofreq&uuml;&ecirc;ncias. O prazo para envio de contribui&ccedil;&otilde;es terminou ontem e as contribui&ccedil;&otilde;es partiram de prestadoras fixas e m&oacute;veis, associa&ccedil;&otilde;es de classe (Abrafix, Acel), radiodifusores, operadoras de televis&atilde;o paga e de sat&eacute;lite. <\/p>\n<p>A proposta foi considerada &ldquo;inovadora&rdquo; pela Acel, que alertou sobre a inexist&ecirc;ncia, em &acirc;mbito internacional, de qualquer padr&atilde;o para mensurar a efici&ecirc;ncia do uso do espectro. A entidade pede cautela com a novidade, para que o ineditismo n&atilde;o prejudique a inten&ccedil;&atilde;o de fixar crit&eacute;rios de avalia&ccedil;&atilde;o. A Abrafix e v&aacute;rias prestadoras de telefonia prop&otilde;em que as obriga&ccedil;&otilde;es de presta&ccedil;&atilde;o de informa&ccedil;&otilde;es peri&oacute;dicas &agrave; Anatel, exclusivas das empresas de telecomunica&ccedil;&otilde;es, sejam estendidas tamb&eacute;m &agrave; radiodifus&atilde;o.<\/p>\n<p>J&aacute; a Associa&ccedil;&atilde;o NeoTec &#8211; que re&uacute;ne os operadores por MMDS &#8211; considera necess&aacute;rio estabelecer grupos de discuss&atilde;o para tratar de assuntos conforme o tipo de sistema de transmiss&atilde;o (ponto-a-ponto, ponto-multiponto, ponto-&aacute;rea e sistema de sat&eacute;&#314;ite), por considerar que cada qual tem sua pr&oacute;pria especificidade. A TIM observa que o c&aacute;lculo matem&aacute;tico proposto pela consulta &#39;n&atilde;o constitui indicador justo e razo&aacute;vel &#39; para medir efici&ecirc;ncia quando aplicado a servi&ccedil;os que transmitem conte&uacute;do &ndash; como a telefonia m&oacute;vel. <\/p>\n<p>A TIM tamb&eacute;m lembra que &eacute; preciso considerar o uso do espectro ao longo do prazo de vig&ecirc;ncia das outorgas, visto que a demanda da sociedade s&oacute; &eacute; atendida com o correr do tempo. &ldquo;N&atilde;o h&aacute; sentido tomar espectro de quem j&aacute; opera e atende &agrave; demanda da sociedade&rdquo;, observa a prestadora, referindo-se ao poder concedido &agrave; Anatel para recuperar espectro cujo uso for considerado ineficiente. &ldquo;A devolu&ccedil;&atilde;o carece de amparo legal&rdquo;, considera a TIM, que defende a n&atilde;o publica&ccedil;&atilde;o do regulamento. <\/p>\n<p>Para a Embratel, &eacute; preciso adotar medidas que fomentem o uso eficiente do espectro, n&atilde;o se limitando &agrave; aplica&ccedil;&atilde;o de multas. Entre as sugest&otilde;es da operadora figuram o estabelecimento de estrutura de tributos voltada a encorajar o uso eficiente; incentivo ao compartilhamento de uso de faixas de radiofreq&uuml;&ecirc;ncia; determina&ccedil;&atilde;o de mudan&ccedil;as tecnol&oacute;gicas mandat&oacute;rias para aumentar a efici&ecirc;ncia espectral (como exemplo: convers&atilde;o da televis&atilde;o anal&oacute;gica para a televis&atilde;o digital); e o estabelecimento de compromissos de abrang&ecirc;ncia para evitar que a aquisi&ccedil;&atilde;o de espectro se d&ecirc; de forma anti-competitiva. <\/p>\n<p>A an&aacute;lise t&eacute;cnica das contribui&ccedil;&otilde;es n&atilde;o tem prazo para ser conclu&iacute;da. Com base nela, a &aacute;rea t&eacute;cnica da ag&ecirc;ncia define o texto da proposta final a ser encaminhado ao conselho diretor, onde, por vota&ccedil;&atilde;o do colegiado, ser&aacute; aprovada e incorporada ao marco regulat&oacute;rio nacional. <\/p>\n","protected":false},"excerpt":{"rendered":"<p>A Anatel recebeu 311 contribui&ccedil;&otilde;es &agrave; consulta p&uacute;blica n&ordm; 7, que durante dois meses submeteu ao p&uacute;blico a proposta do regulamento para avalia&ccedil;&atilde;o da efici&ecirc;ncia do uso do espectro de radiofreq&uuml;&ecirc;ncias. O prazo para envio de contribui&ccedil;&otilde;es terminou ontem e as contribui&ccedil;&otilde;es partiram de prestadoras fixas e m&oacute;veis, associa&ccedil;&otilde;es de classe (Abrafix, Acel), radiodifusores, operadoras &hellip; <a href=\"https:\/\/obscom.intervozes.org.br\/?p=21125\" class=\"more-link\">Continue lendo <span class=\"screen-reader-text\">Consulta sobre uso eficiente do espectro alcan\u00e7a mais de 300 contribui\u00e7\u00f5es<\/span> <span class=\"meta-nav\">&rarr;<\/span><\/a><\/p>\n","protected":false},"author":1,"featured_media":0,"comment_status":"open","ping_status":"open","sticky":false,"template":"","format":"standard","meta":{"footnotes":""},"categories":[40],"tags":[152],"_links":{"self":[{"href":"https:\/\/obscom.intervozes.org.br\/index.php?rest_route=\/wp\/v2\/posts\/21125"}],"collection":[{"href":"https:\/\/obscom.intervozes.org.br\/index.php?rest_route=\/wp\/v2\/posts"}],"about":[{"href":"https:\/\/obscom.intervozes.org.br\/index.php?rest_route=\/wp\/v2\/types\/post"}],"author":[{"embeddable":true,"href":"https:\/\/obscom.intervozes.org.br\/index.php?rest_route=\/wp\/v2\/users\/1"}],"replies":[{"embeddable":true,"href":"https:\/\/obscom.intervozes.org.br\/index.php?rest_route=%2Fwp%2Fv2%2Fcomments&post=21125"}],"version-history":[{"count":0,"href":"https:\/\/obscom.intervozes.org.br\/index.php?rest_route=\/wp\/v2\/posts\/21125\/revisions"}],"wp:attachment":[{"href":"https:\/\/obscom.intervozes.org.br\/index.php?rest_route=%2Fwp%2Fv2%2Fmedia&parent=21125"}],"wp:term":[{"taxonomy":"category","embeddable":true,"href":"https:\/\/obscom.intervozes.org.br\/index.php?rest_route=%2Fwp%2Fv2%2Fcategories&post=21125"},{"taxonomy":"post_tag","embeddable":true,"href":"https:\/\/obscom.intervozes.org.br\/index.php?rest_route=%2Fwp%2Fv2%2Ftags&post=21125"}],"curies":[{"name":"wp","href":"https:\/\/api.w.org\/{rel}","templated":true}]}}