{"id":21120,"date":"2008-05-08T13:06:19","date_gmt":"2008-05-08T13:06:19","guid":{"rendered":"https:\/\/obscom.intervozes.org.br\/wordpress\/?p=21120"},"modified":"2008-05-08T13:06:19","modified_gmt":"2008-05-08T13:06:19","slug":"audiencia-na-camara-sobre-conselho-de-comunicacao-social-e-adiada","status":"publish","type":"post","link":"https:\/\/obscom.intervozes.org.br\/?p=21120","title":{"rendered":"Audi\u00eancia na C\u00e2mara sobre Conselho de Comunica\u00e7\u00e3o Social \u00e9 adiada"},"content":{"rendered":"<p>A audi&ecirc;ncia p&uacute;blica marcada para essa quinta-feira, 8, sobre a atua&ccedil;&atilde;o do Conselho Consultivo da Anatel e do Conselho de Comunica&ccedil;&atilde;o Social foi cancelada por problemas de incompatibilidade de agenda entre os participantes. A Comiss&atilde;o de Ci&ecirc;ncia e Tecnologia da C&acirc;mara dos Deputados ainda n&atilde;o agendou uma nova data para a reuni&atilde;o, mas ir&aacute; tomar provid&ecirc;ncias para que a discuss&atilde;o n&atilde;o seja prejudicada.<\/p>\n<p>A comiss&atilde;o solicitar&aacute; formalmente ao presidente do Senado Federal, Garibaldi Alves Filho (PMDB\/RN), que s&oacute; instale o Conselho de Comunica&ccedil;&atilde;o Social do Congresso Nacional ap&oacute;s a realiza&ccedil;&atilde;o da reuni&atilde;o. O motivo do pedido &eacute; que os deputados da comiss&atilde;o t&ecirc;m contribui&ccedil;&otilde;es a fazer para o aperfei&ccedil;oamento do grupo e que, se ele for reinstalado antes do debate, algumas id&eacute;ias n&atilde;o teriam mais condi&ccedil;&otilde;es de serem aplicadas.<\/p>\n<p>A informa&ccedil;&atilde;o &eacute; da Tela viva News.<\/p>\n","protected":false},"excerpt":{"rendered":"<p>A audi&ecirc;ncia p&uacute;blica marcada para essa quinta-feira, 8, sobre a atua&ccedil;&atilde;o do Conselho Consultivo da Anatel e do Conselho de Comunica&ccedil;&atilde;o Social foi cancelada por problemas de incompatibilidade de agenda entre os participantes. A Comiss&atilde;o de Ci&ecirc;ncia e Tecnologia da C&acirc;mara dos Deputados ainda n&atilde;o agendou uma nova data para a reuni&atilde;o, mas ir&aacute; tomar &hellip; <a href=\"https:\/\/obscom.intervozes.org.br\/?p=21120\" class=\"more-link\">Continue lendo <span class=\"screen-reader-text\">Audi\u00eancia na C\u00e2mara sobre Conselho de Comunica\u00e7\u00e3o Social \u00e9 adiada<\/span> <span class=\"meta-nav\">&rarr;<\/span><\/a><\/p>\n","protected":false},"author":1,"featured_media":0,"comment_status":"open","ping_status":"open","sticky":false,"template":"","format":"standard","meta":{"footnotes":""},"categories":[39],"tags":[],"_links":{"self":[{"href":"https:\/\/obscom.intervozes.org.br\/index.php?rest_route=\/wp\/v2\/posts\/21120"}],"collection":[{"href":"https:\/\/obscom.intervozes.org.br\/index.php?rest_route=\/wp\/v2\/posts"}],"about":[{"href":"https:\/\/obscom.intervozes.org.br\/index.php?rest_route=\/wp\/v2\/types\/post"}],"author":[{"embeddable":true,"href":"https:\/\/obscom.intervozes.org.br\/index.php?rest_route=\/wp\/v2\/users\/1"}],"replies":[{"embeddable":true,"href":"https:\/\/obscom.intervozes.org.br\/index.php?rest_route=%2Fwp%2Fv2%2Fcomments&post=21120"}],"version-history":[{"count":0,"href":"https:\/\/obscom.intervozes.org.br\/index.php?rest_route=\/wp\/v2\/posts\/21120\/revisions"}],"wp:attachment":[{"href":"https:\/\/obscom.intervozes.org.br\/index.php?rest_route=%2Fwp%2Fv2%2Fmedia&parent=21120"}],"wp:term":[{"taxonomy":"category","embeddable":true,"href":"https:\/\/obscom.intervozes.org.br\/index.php?rest_route=%2Fwp%2Fv2%2Fcategories&post=21120"},{"taxonomy":"post_tag","embeddable":true,"href":"https:\/\/obscom.intervozes.org.br\/index.php?rest_route=%2Fwp%2Fv2%2Ftags&post=21120"}],"curies":[{"name":"wp","href":"https:\/\/api.w.org\/{rel}","templated":true}]}}