{"id":21117,"date":"2008-05-08T00:00:00","date_gmt":"2008-05-08T00:00:00","guid":{"rendered":"https:\/\/obscom.intervozes.org.br\/wordpress\/?p=21117"},"modified":"2008-05-08T00:00:00","modified_gmt":"2008-05-08T00:00:00","slug":"artigo-19-condena-proibicao-e-repressao-de-marchas-pela-legalizacao-da-maconha","status":"publish","type":"post","link":"https:\/\/obscom.intervozes.org.br\/?p=21117","title":{"rendered":"Artigo 19 condena proibi\u00e7\u00e3o e repress\u00e3o de marchas pela legaliza\u00e7\u00e3o da maconha"},"content":{"rendered":"<p>A Artigo 19 &ndash; organiza&ccedil;&atilde;o n&atilde;o-governamental que defende a liberdade de express&atilde;o &ndash; divulgou nota na tarde desta quarta-feira condenando as decis&otilde;es judiciais que proibiram a realiza&ccedil;&atilde;o da &ldquo;Marcha da Maconha&rdquo;, que seria realizada no &uacute;ltimo s&aacute;bado (4\/5). As marchas em defesa da legaliza&ccedil;&atilde;o da maconha aconteceriam em dez capitais brasileiras, mas foram impedidas e reprimidas em nove delas. Para a Artigo 19, n&atilde;o apenas as proibi&ccedil;&otilde;es mas tamb&eacute;m a deten&ccedil;&atilde;o de manifestantes s&atilde;o graves atentados &agrave; liberdade de express&atilde;o.<\/p>\n<p>As decis&otilde;es judiciais proibiram as marchas segundo o argumento de que elas teriam a inten&ccedil;&atilde;o de difundir o uso de drogas &ndash; o que, segundo as decis&otilde;es, caracterizaria &ldquo;apologia e instiga&ccedil;&atilde;o &agrave; pr&aacute;tica de crime&rdquo;. Em pelo menos quatro cidades &ndash; Rio de Janeiro, Jo&atilde;o Pessoa, Salvador e Curitiba &ndash;, a pol&iacute;cia prendeu ou dispersou manifestantes.<\/p>\n<p>Para a Artigo 19, as passeatas n&atilde;o tinham a inten&ccedil;&atilde;o de difundir ou incentivar o uso de drogas, mas sim propor uma altera&ccedil;&atilde;o da legisla&ccedil;&atilde;o nacional. Segundo a nota, &ldquo;a penaliza&ccedil;&atilde;o de determinadas condutas em uma sociedade exige um debate p&uacute;blico constante. S&oacute; uma discuss&atilde;o ampla sobre essas condutas, com a participa&ccedil;&atilde;o efetiva de diferentes grupos com as mais variadas vis&otilde;es e opini&otilde;es, pode legitimar a criminaliza&ccedil;&atilde;o ou descriminaliza&ccedil;&atilde;o de certos atos&rdquo;.<\/p>\n","protected":false},"excerpt":{"rendered":"<p>A Artigo 19 &ndash; organiza&ccedil;&atilde;o n&atilde;o-governamental que defende a liberdade de express&atilde;o &ndash; divulgou nota na tarde desta quarta-feira condenando as decis&otilde;es judiciais que proibiram a realiza&ccedil;&atilde;o da &ldquo;Marcha da Maconha&rdquo;, que seria realizada no &uacute;ltimo s&aacute;bado (4\/5). As marchas em defesa da legaliza&ccedil;&atilde;o da maconha aconteceriam em dez capitais brasileiras, mas foram impedidas e &hellip; <a href=\"https:\/\/obscom.intervozes.org.br\/?p=21117\" class=\"more-link\">Continue lendo <span class=\"screen-reader-text\">Artigo 19 condena proibi\u00e7\u00e3o e repress\u00e3o de marchas pela legaliza\u00e7\u00e3o da maconha<\/span> <span class=\"meta-nav\">&rarr;<\/span><\/a><\/p>\n","protected":false},"author":1,"featured_media":0,"comment_status":"open","ping_status":"open","sticky":false,"template":"","format":"standard","meta":{"footnotes":""},"categories":[39],"tags":[194],"_links":{"self":[{"href":"https:\/\/obscom.intervozes.org.br\/index.php?rest_route=\/wp\/v2\/posts\/21117"}],"collection":[{"href":"https:\/\/obscom.intervozes.org.br\/index.php?rest_route=\/wp\/v2\/posts"}],"about":[{"href":"https:\/\/obscom.intervozes.org.br\/index.php?rest_route=\/wp\/v2\/types\/post"}],"author":[{"embeddable":true,"href":"https:\/\/obscom.intervozes.org.br\/index.php?rest_route=\/wp\/v2\/users\/1"}],"replies":[{"embeddable":true,"href":"https:\/\/obscom.intervozes.org.br\/index.php?rest_route=%2Fwp%2Fv2%2Fcomments&post=21117"}],"version-history":[{"count":0,"href":"https:\/\/obscom.intervozes.org.br\/index.php?rest_route=\/wp\/v2\/posts\/21117\/revisions"}],"wp:attachment":[{"href":"https:\/\/obscom.intervozes.org.br\/index.php?rest_route=%2Fwp%2Fv2%2Fmedia&parent=21117"}],"wp:term":[{"taxonomy":"category","embeddable":true,"href":"https:\/\/obscom.intervozes.org.br\/index.php?rest_route=%2Fwp%2Fv2%2Fcategories&post=21117"},{"taxonomy":"post_tag","embeddable":true,"href":"https:\/\/obscom.intervozes.org.br\/index.php?rest_route=%2Fwp%2Fv2%2Ftags&post=21117"}],"curies":[{"name":"wp","href":"https:\/\/api.w.org\/{rel}","templated":true}]}}