{"id":21115,"date":"2008-05-07T17:13:44","date_gmt":"2008-05-07T17:13:44","guid":{"rendered":"https:\/\/obscom.intervozes.org.br\/wordpress\/?p=21115"},"modified":"2008-05-07T17:13:44","modified_gmt":"2008-05-07T17:13:44","slug":"comissao-de-ciencia-e-tecnologia-adia-votacao-do-pl-29-para-proxima-semana","status":"publish","type":"post","link":"https:\/\/obscom.intervozes.org.br\/?p=21115","title":{"rendered":"Comiss\u00e3o de Ci\u00eancia e Tecnologia adia vota\u00e7\u00e3o do PL 29 para pr\u00f3xima semana"},"content":{"rendered":"<p>A Comiss&atilde;o de Ci&ecirc;ncia e Tecnologia, Comunica&ccedil;&atilde;o e Inform&aacute;tica da C&acirc;mara dos Deputados adiou para a pr&oacute;xima semana a vota&ccedil;&atilde;o do substitutivo ao PL 29, projeto que pretende abrir o mercado de televis&atilde;o por assinatura &agrave;s teles e estabelecer regras para produ&ccedil;&atilde;o, empacotamento e distribui&ccedil;&atilde;o de conte&uacute;do nacional.<\/p>\n<p>O adiamento foi comunicado pelo presidente da comiss&atilde;o, deputado Walter Pinheiro (PT-BA), ap&oacute;s ter recebido pedidos de parlamentares da comiss&atilde;o, em especial do PSDB, que solicitaram mais tempo para analisar a &uacute;ltima vers&atilde;o do projeto, apresentada na semana passada pelo deputado Jorge Bittar (PT-RJ), relator da mat&eacute;ria.<\/p>\n","protected":false},"excerpt":{"rendered":"<p>A Comiss&atilde;o de Ci&ecirc;ncia e Tecnologia, Comunica&ccedil;&atilde;o e Inform&aacute;tica da C&acirc;mara dos Deputados adiou para a pr&oacute;xima semana a vota&ccedil;&atilde;o do substitutivo ao PL 29, projeto que pretende abrir o mercado de televis&atilde;o por assinatura &agrave;s teles e estabelecer regras para produ&ccedil;&atilde;o, empacotamento e distribui&ccedil;&atilde;o de conte&uacute;do nacional. O adiamento foi comunicado pelo presidente da &hellip; <a href=\"https:\/\/obscom.intervozes.org.br\/?p=21115\" class=\"more-link\">Continue lendo <span class=\"screen-reader-text\">Comiss\u00e3o de Ci\u00eancia e Tecnologia adia vota\u00e7\u00e3o do PL 29 para pr\u00f3xima semana<\/span> <span class=\"meta-nav\">&rarr;<\/span><\/a><\/p>\n","protected":false},"author":1,"featured_media":0,"comment_status":"open","ping_status":"open","sticky":false,"template":"","format":"standard","meta":{"footnotes":""},"categories":[39],"tags":[],"_links":{"self":[{"href":"https:\/\/obscom.intervozes.org.br\/index.php?rest_route=\/wp\/v2\/posts\/21115"}],"collection":[{"href":"https:\/\/obscom.intervozes.org.br\/index.php?rest_route=\/wp\/v2\/posts"}],"about":[{"href":"https:\/\/obscom.intervozes.org.br\/index.php?rest_route=\/wp\/v2\/types\/post"}],"author":[{"embeddable":true,"href":"https:\/\/obscom.intervozes.org.br\/index.php?rest_route=\/wp\/v2\/users\/1"}],"replies":[{"embeddable":true,"href":"https:\/\/obscom.intervozes.org.br\/index.php?rest_route=%2Fwp%2Fv2%2Fcomments&post=21115"}],"version-history":[{"count":0,"href":"https:\/\/obscom.intervozes.org.br\/index.php?rest_route=\/wp\/v2\/posts\/21115\/revisions"}],"wp:attachment":[{"href":"https:\/\/obscom.intervozes.org.br\/index.php?rest_route=%2Fwp%2Fv2%2Fmedia&parent=21115"}],"wp:term":[{"taxonomy":"category","embeddable":true,"href":"https:\/\/obscom.intervozes.org.br\/index.php?rest_route=%2Fwp%2Fv2%2Fcategories&post=21115"},{"taxonomy":"post_tag","embeddable":true,"href":"https:\/\/obscom.intervozes.org.br\/index.php?rest_route=%2Fwp%2Fv2%2Ftags&post=21115"}],"curies":[{"name":"wp","href":"https:\/\/api.w.org\/{rel}","templated":true}]}}