{"id":21113,"date":"2008-05-07T10:34:54","date_gmt":"2008-05-07T10:34:54","guid":{"rendered":"https:\/\/obscom.intervozes.org.br\/wordpress\/?p=21113"},"modified":"2014-09-07T02:55:32","modified_gmt":"2014-09-07T02:55:32","slug":"lideres-discutem-votacao-do-fim-da-propaganda-de-bebidas-na-tv","status":"publish","type":"post","link":"https:\/\/obscom.intervozes.org.br\/?p=21113","title":{"rendered":"L\u00edderes discutem vota\u00e7\u00e3o do fim da propaganda de bebidas na TV"},"content":{"rendered":"<p>Os l&iacute;deres partid&aacute;rios se re&uacute;nem hoje com o presidente da C&acirc;mara, Arlindo Chinaglia, para discutir a manuten&ccedil;&atilde;o ou a retirada do regime de <a href=\"http:\/\/www2.camara.gov.br\/homeagencia\/materias.html?pk= 70023\">urg&ecirc;ncia constitucional<\/a> do Projeto de Lei <a href=\"http:\/\/www2.camara.gov.br\/homeagencia\/materias.html?pk=119637\">2733\/08<\/a>, do Executivo, que estende as restri&ccedil;&otilde;es &agrave; propaganda no r&aacute;dio e na TV a todas as bebidas alco&oacute;licas de concentra&ccedil;&atilde;o superior meio grau Gay-Lussac. A medida atinge todas as bebidas alc&oacute;olicas, como cerveja e vinho. Atualmente, est&atilde;o sujeitas a essas restri&ccedil;&otilde;es as bebibas com concentra&ccedil;&atilde;o de 13 graus Gay-Lussac.<\/p>\n<p>L&iacute;deres da oposi&ccedil;&atilde;o e da base aliada querem que o governo retire a urg&ecirc;ncia do projeto, que tramita em conjunto com o PL 4846\/94 e tranca a pauta do Plen&aacute;rio. Eles querem mais tempo para discutir as propostas.<\/p>\n<p>Para saber mais:<\/p>\n<p>&#39;<a href=\"http:\/\/localhost\/intervozes_direitoacomunicacao\/wordpress\/?p=20867\">Governo quer restringir publicidade de bebidas na televis&atilde;o<\/a>&#39; <\/p>\n<p>&#39;<a href=\"http:\/\/localhost\/intervozes_direitoacomunicacao\/wordpress\/?p=21090\">Cervejas, publicidade e direito &agrave; informa&ccedil;&atilde;o<\/a>&#39;<\/p>\n","protected":false},"excerpt":{"rendered":"<p>Os l&iacute;deres partid&aacute;rios se re&uacute;nem hoje com o presidente da C&acirc;mara, Arlindo Chinaglia, para discutir a manuten&ccedil;&atilde;o ou a retirada do regime de urg&ecirc;ncia constitucional do Projeto de Lei 2733\/08, do Executivo, que estende as restri&ccedil;&otilde;es &agrave; propaganda no r&aacute;dio e na TV a todas as bebidas alco&oacute;licas de concentra&ccedil;&atilde;o superior meio grau Gay-Lussac. A &hellip; <a href=\"https:\/\/obscom.intervozes.org.br\/?p=21113\" class=\"more-link\">Continue lendo <span class=\"screen-reader-text\">L\u00edderes discutem vota\u00e7\u00e3o do fim da propaganda de bebidas na TV<\/span> <span class=\"meta-nav\">&rarr;<\/span><\/a><\/p>\n","protected":false},"author":1,"featured_media":0,"comment_status":"open","ping_status":"open","sticky":false,"template":"","format":"standard","meta":{"footnotes":""},"categories":[39],"tags":[],"_links":{"self":[{"href":"https:\/\/obscom.intervozes.org.br\/index.php?rest_route=\/wp\/v2\/posts\/21113"}],"collection":[{"href":"https:\/\/obscom.intervozes.org.br\/index.php?rest_route=\/wp\/v2\/posts"}],"about":[{"href":"https:\/\/obscom.intervozes.org.br\/index.php?rest_route=\/wp\/v2\/types\/post"}],"author":[{"embeddable":true,"href":"https:\/\/obscom.intervozes.org.br\/index.php?rest_route=\/wp\/v2\/users\/1"}],"replies":[{"embeddable":true,"href":"https:\/\/obscom.intervozes.org.br\/index.php?rest_route=%2Fwp%2Fv2%2Fcomments&post=21113"}],"version-history":[{"count":2,"href":"https:\/\/obscom.intervozes.org.br\/index.php?rest_route=\/wp\/v2\/posts\/21113\/revisions"}],"predecessor-version":[{"id":27839,"href":"https:\/\/obscom.intervozes.org.br\/index.php?rest_route=\/wp\/v2\/posts\/21113\/revisions\/27839"}],"wp:attachment":[{"href":"https:\/\/obscom.intervozes.org.br\/index.php?rest_route=%2Fwp%2Fv2%2Fmedia&parent=21113"}],"wp:term":[{"taxonomy":"category","embeddable":true,"href":"https:\/\/obscom.intervozes.org.br\/index.php?rest_route=%2Fwp%2Fv2%2Fcategories&post=21113"},{"taxonomy":"post_tag","embeddable":true,"href":"https:\/\/obscom.intervozes.org.br\/index.php?rest_route=%2Fwp%2Fv2%2Ftags&post=21113"}],"curies":[{"name":"wp","href":"https:\/\/api.w.org\/{rel}","templated":true}]}}