{"id":21108,"date":"2008-05-06T14:48:43","date_gmt":"2008-05-06T14:48:43","guid":{"rendered":"https:\/\/obscom.intervozes.org.br\/wordpress\/?p=21108"},"modified":"2008-05-06T14:48:43","modified_gmt":"2008-05-06T14:48:43","slug":"pl-29-deve-ir-a-votacao-na-comissao-de-ciencia-e-tecnologia-nesta-quarta-feira","status":"publish","type":"post","link":"https:\/\/obscom.intervozes.org.br\/?p=21108","title":{"rendered":"PL 29 deve ir \u00e0 vota\u00e7\u00e3o na Comiss\u00e3o de Ci\u00eancia e Tecnologia nesta quarta-feira"},"content":{"rendered":"<p>O relator do Projeto de Lei 29 (PL 29), deputado Jorge Bittar (PT-RJ), deve submeter ao plen&aacute;rio da Comiss&atilde;o de Ci&ecirc;ncia, Tecnologia, Comunica&ccedil;&atilde;o e Inform&aacute;tica (CCTCI) da C&acirc;mara nessa quarta-feira, 7, &agrave;s 10h, o novo substitutivo da proposta que abre o mercado de televis&atilde;o por assinatura &agrave;s teles e estabelece regras para produ&ccedil;&atilde;o, empacotamento e distribui&ccedil;&atilde;o de conte&uacute;do nacional.<\/p>\n","protected":false},"excerpt":{"rendered":"<p>O relator do Projeto de Lei 29 (PL 29), deputado Jorge Bittar (PT-RJ), deve submeter ao plen&aacute;rio da Comiss&atilde;o de Ci&ecirc;ncia, Tecnologia, Comunica&ccedil;&atilde;o e Inform&aacute;tica (CCTCI) da C&acirc;mara nessa quarta-feira, 7, &agrave;s 10h, o novo substitutivo da proposta que abre o mercado de televis&atilde;o por assinatura &agrave;s teles e estabelece regras para produ&ccedil;&atilde;o, empacotamento e &hellip; <a href=\"https:\/\/obscom.intervozes.org.br\/?p=21108\" class=\"more-link\">Continue lendo <span class=\"screen-reader-text\">PL 29 deve ir \u00e0 vota\u00e7\u00e3o na Comiss\u00e3o de Ci\u00eancia e Tecnologia nesta quarta-feira<\/span> <span class=\"meta-nav\">&rarr;<\/span><\/a><\/p>\n","protected":false},"author":1,"featured_media":0,"comment_status":"open","ping_status":"open","sticky":false,"template":"","format":"standard","meta":{"footnotes":""},"categories":[39],"tags":[],"_links":{"self":[{"href":"https:\/\/obscom.intervozes.org.br\/index.php?rest_route=\/wp\/v2\/posts\/21108"}],"collection":[{"href":"https:\/\/obscom.intervozes.org.br\/index.php?rest_route=\/wp\/v2\/posts"}],"about":[{"href":"https:\/\/obscom.intervozes.org.br\/index.php?rest_route=\/wp\/v2\/types\/post"}],"author":[{"embeddable":true,"href":"https:\/\/obscom.intervozes.org.br\/index.php?rest_route=\/wp\/v2\/users\/1"}],"replies":[{"embeddable":true,"href":"https:\/\/obscom.intervozes.org.br\/index.php?rest_route=%2Fwp%2Fv2%2Fcomments&post=21108"}],"version-history":[{"count":0,"href":"https:\/\/obscom.intervozes.org.br\/index.php?rest_route=\/wp\/v2\/posts\/21108\/revisions"}],"wp:attachment":[{"href":"https:\/\/obscom.intervozes.org.br\/index.php?rest_route=%2Fwp%2Fv2%2Fmedia&parent=21108"}],"wp:term":[{"taxonomy":"category","embeddable":true,"href":"https:\/\/obscom.intervozes.org.br\/index.php?rest_route=%2Fwp%2Fv2%2Fcategories&post=21108"},{"taxonomy":"post_tag","embeddable":true,"href":"https:\/\/obscom.intervozes.org.br\/index.php?rest_route=%2Fwp%2Fv2%2Ftags&post=21108"}],"curies":[{"name":"wp","href":"https:\/\/api.w.org\/{rel}","templated":true}]}}