{"id":21104,"date":"2008-05-05T17:15:28","date_gmt":"2008-05-05T17:15:28","guid":{"rendered":"https:\/\/obscom.intervozes.org.br\/wordpress\/?p=21104"},"modified":"2008-05-05T17:15:28","modified_gmt":"2008-05-05T17:15:28","slug":"fndc-prorroga-inscricoes-de-teses-e-delegados-para-a-xiv-plenaria","status":"publish","type":"post","link":"https:\/\/obscom.intervozes.org.br\/?p=21104","title":{"rendered":"FNDC prorroga inscri\u00e7\u00f5es de teses e delegados para a XIV Plen\u00e1ria"},"content":{"rendered":"<p>O&nbsp;F&oacute;rum Nacional pela Democratiza&ccedil;&atilde;o da Comunica&ccedil;&atilde;o (FNDC) prorrogou para o dia 12 de maio o prazo para inscri&ccedil;&atilde;o de teses e delegados&nbsp;para XIV Plen&aacute;ria Nacional da entidade. O evento acontecer&aacute; nos dias 16 e 17 de maio, em Bras&iacute;lia\/DF.<\/p>\n<p>Assim, at&eacute; a pr&oacute;xima segunda-feira, poder&atilde;o ser feitas inscri&ccedil;&otilde;es de delegados e observadores, associa&ccedil;&atilde;o de entidades nacionais e regionais, registro de Comit&ecirc;s Regionais e inscri&ccedil;&atilde;o de Teses e Propostas de Resolu&ccedil;&otilde;es. No dia 14 de maio, ser&aacute; divulgada a lista oficial das entidades nacionais, Comit&ecirc;s Regionais, inscritos e habilitados a participar da XIV Plen&aacute;ria, bem como ser&aacute; feita a distribui&ccedil;&atilde;o eletr&ocirc;nica das Teses e Propostas de Resolu&ccedil;&otilde;es.<\/p>\n<p>Conforme j&aacute; divulgado, as Teses devem ter como base a proposta tem&aacute;tica do FNDC para a Confer&ecirc;ncia Nacional de Comunica&ccedil;&atilde;o, tema da XIV Plen&aacute;ria. <\/p>\n<p><a href=\"http:\/\/www.fndc.org.br\/internas.php?p=14plenaria\">As informa&ccedil;&otilde;es s&atilde;o do FNDC<\/a>.<\/p>\n","protected":false},"excerpt":{"rendered":"<p>O&nbsp;F&oacute;rum Nacional pela Democratiza&ccedil;&atilde;o da Comunica&ccedil;&atilde;o (FNDC) prorrogou para o dia 12 de maio o prazo para inscri&ccedil;&atilde;o de teses e delegados&nbsp;para XIV Plen&aacute;ria Nacional da entidade. O evento acontecer&aacute; nos dias 16 e 17 de maio, em Bras&iacute;lia\/DF. Assim, at&eacute; a pr&oacute;xima segunda-feira, poder&atilde;o ser feitas inscri&ccedil;&otilde;es de delegados e observadores, associa&ccedil;&atilde;o de entidades &hellip; <a href=\"https:\/\/obscom.intervozes.org.br\/?p=21104\" class=\"more-link\">Continue lendo <span class=\"screen-reader-text\">FNDC prorroga inscri\u00e7\u00f5es de teses e delegados para a XIV Plen\u00e1ria<\/span> <span class=\"meta-nav\">&rarr;<\/span><\/a><\/p>\n","protected":false},"author":1,"featured_media":0,"comment_status":"open","ping_status":"open","sticky":false,"template":"","format":"standard","meta":{"footnotes":""},"categories":[39],"tags":[],"_links":{"self":[{"href":"https:\/\/obscom.intervozes.org.br\/index.php?rest_route=\/wp\/v2\/posts\/21104"}],"collection":[{"href":"https:\/\/obscom.intervozes.org.br\/index.php?rest_route=\/wp\/v2\/posts"}],"about":[{"href":"https:\/\/obscom.intervozes.org.br\/index.php?rest_route=\/wp\/v2\/types\/post"}],"author":[{"embeddable":true,"href":"https:\/\/obscom.intervozes.org.br\/index.php?rest_route=\/wp\/v2\/users\/1"}],"replies":[{"embeddable":true,"href":"https:\/\/obscom.intervozes.org.br\/index.php?rest_route=%2Fwp%2Fv2%2Fcomments&post=21104"}],"version-history":[{"count":0,"href":"https:\/\/obscom.intervozes.org.br\/index.php?rest_route=\/wp\/v2\/posts\/21104\/revisions"}],"wp:attachment":[{"href":"https:\/\/obscom.intervozes.org.br\/index.php?rest_route=%2Fwp%2Fv2%2Fmedia&parent=21104"}],"wp:term":[{"taxonomy":"category","embeddable":true,"href":"https:\/\/obscom.intervozes.org.br\/index.php?rest_route=%2Fwp%2Fv2%2Fcategories&post=21104"},{"taxonomy":"post_tag","embeddable":true,"href":"https:\/\/obscom.intervozes.org.br\/index.php?rest_route=%2Fwp%2Fv2%2Ftags&post=21104"}],"curies":[{"name":"wp","href":"https:\/\/api.w.org\/{rel}","templated":true}]}}