{"id":21098,"date":"2008-05-02T15:20:43","date_gmt":"2008-05-02T15:20:43","guid":{"rendered":"https:\/\/obscom.intervozes.org.br\/wordpress\/?p=21098"},"modified":"2008-05-02T15:20:43","modified_gmt":"2008-05-02T15:20:43","slug":"comissao-de-ciencia-e-tecnologia-adia-audiencia-publica-sobre-fusao-oibrt","status":"publish","type":"post","link":"https:\/\/obscom.intervozes.org.br\/?p=21098","title":{"rendered":"Comiss\u00e3o de Ci\u00eancia e Tecnologia adia audi\u00eancia p\u00fablica sobre fus\u00e3o Oi\/BrT"},"content":{"rendered":"<p>Foi adiada para o dia 15 de maio a audi&ecirc;ncia publica que a Comiss&atilde;o de Ci&ecirc;ncia e Tecnologia, Comunica&ccedil;&atilde;o e Inform&aacute;tica realizar&aacute; para debater a proposta de altera&ccedil;&atilde;o do PGO (Plano Geral de Outorgas), que est&aacute; sendo examinada na Anatel. As mudan&ccedil;as s&atilde;o necess&aacute;rias para validar a compra da Brasil Telecom pela Oi. A audi&ecirc;ncia estava marcada inicialmente para a tarde do dia 7 de maio, mas teve que ser adiada devido a dificuldades na agenda de alguns convidados.<\/p>\n<p>Ser&atilde;o convidados para a audi&ecirc;ncia o presidente da Anatel, Ronaldo Sardenberg, o ministro das Comunica&ccedil;&otilde;es, H&eacute;lio Costa, e representantes do Cade (Conselho Administrativo de Defesa Econ&ocirc;mica), do BNDES (Banco Nacional de Desenvolvimento Econ&ocirc;mico e Social), da Brasil Telecom e da Oi, al&eacute;m do diretor do Departamento de Prote&ccedil;&atilde;o e Defesa do Consumidor, Ricardo Morishita.<\/p>\n","protected":false},"excerpt":{"rendered":"<p>Foi adiada para o dia 15 de maio a audi&ecirc;ncia publica que a Comiss&atilde;o de Ci&ecirc;ncia e Tecnologia, Comunica&ccedil;&atilde;o e Inform&aacute;tica realizar&aacute; para debater a proposta de altera&ccedil;&atilde;o do PGO (Plano Geral de Outorgas), que est&aacute; sendo examinada na Anatel. As mudan&ccedil;as s&atilde;o necess&aacute;rias para validar a compra da Brasil Telecom pela Oi. A audi&ecirc;ncia &hellip; <a href=\"https:\/\/obscom.intervozes.org.br\/?p=21098\" class=\"more-link\">Continue lendo <span class=\"screen-reader-text\">Comiss\u00e3o de Ci\u00eancia e Tecnologia adia audi\u00eancia p\u00fablica sobre fus\u00e3o Oi\/BrT<\/span> <span class=\"meta-nav\">&rarr;<\/span><\/a><\/p>\n","protected":false},"author":1,"featured_media":0,"comment_status":"open","ping_status":"open","sticky":false,"template":"","format":"standard","meta":{"footnotes":""},"categories":[39],"tags":[],"_links":{"self":[{"href":"https:\/\/obscom.intervozes.org.br\/index.php?rest_route=\/wp\/v2\/posts\/21098"}],"collection":[{"href":"https:\/\/obscom.intervozes.org.br\/index.php?rest_route=\/wp\/v2\/posts"}],"about":[{"href":"https:\/\/obscom.intervozes.org.br\/index.php?rest_route=\/wp\/v2\/types\/post"}],"author":[{"embeddable":true,"href":"https:\/\/obscom.intervozes.org.br\/index.php?rest_route=\/wp\/v2\/users\/1"}],"replies":[{"embeddable":true,"href":"https:\/\/obscom.intervozes.org.br\/index.php?rest_route=%2Fwp%2Fv2%2Fcomments&post=21098"}],"version-history":[{"count":0,"href":"https:\/\/obscom.intervozes.org.br\/index.php?rest_route=\/wp\/v2\/posts\/21098\/revisions"}],"wp:attachment":[{"href":"https:\/\/obscom.intervozes.org.br\/index.php?rest_route=%2Fwp%2Fv2%2Fmedia&parent=21098"}],"wp:term":[{"taxonomy":"category","embeddable":true,"href":"https:\/\/obscom.intervozes.org.br\/index.php?rest_route=%2Fwp%2Fv2%2Fcategories&post=21098"},{"taxonomy":"post_tag","embeddable":true,"href":"https:\/\/obscom.intervozes.org.br\/index.php?rest_route=%2Fwp%2Fv2%2Ftags&post=21098"}],"curies":[{"name":"wp","href":"https:\/\/api.w.org\/{rel}","templated":true}]}}