{"id":21096,"date":"2008-05-02T15:15:54","date_gmt":"2008-05-02T15:15:54","guid":{"rendered":"https:\/\/obscom.intervozes.org.br\/wordpress\/?p=21096"},"modified":"2008-05-02T15:15:54","modified_gmt":"2008-05-02T15:15:54","slug":"a-necessaria-regulacao-do-exercicio-da-imprensa","status":"publish","type":"post","link":"https:\/\/obscom.intervozes.org.br\/?p=21096","title":{"rendered":"A necess\u00e1ria regula\u00e7\u00e3o do exerc\u00edcio da imprensa"},"content":{"rendered":"<p>A id&eacute;ia de que a liberdade de imprensa depende da inexist&ecirc;ncia de regulamenta&ccedil;&atilde;o legal espec&iacute;fica, seja ou n&atilde;o voltada s&oacute; para a imprensa, foi levada por seu mais ativo defensor atual, deputado Miro Teixeira, a uma inova&ccedil;&atilde;o conceitual que nada tem, ou teve, sequer de parecido aqui ou mundo afora.<\/p>\n<p>J&aacute; autor da a&ccedil;&atilde;o que provocou a recente e tempor&aacute;ria suspens&atilde;o de parte da Lei de Imprensa em vigor (o julgamento final da a&ccedil;&atilde;o ainda n&atilde;o tem data no Supremo Tribunal Federal), Miro Teixeira apresentou sua nova proposta na 3&ordf; Confer&ecirc;ncia Legislativa sobre Liberdade de Imprensa: al&eacute;m da aus&ecirc;ncia plena de dispositivo legal sobre exerc&iacute;cio da imprensa, devem ficar impedidos de processar jornalistas, sob alega&ccedil;&atilde;o de dano moral e outros, todos os que exercem fun&ccedil;&atilde;o p&uacute;blica. Sejam autoridades governamentais, parlamentares, servidores concursados ou n&atilde;o, lideran&ccedil;as religiosas ou classistas, entre tantos.<\/p>\n<p>A inova&ccedil;&atilde;o n&atilde;o se encerra a&iacute;. Tamb&eacute;m os procedimentos de defesa, por quem se considere atingido, deixariam de conter o direito de resposta e a eventual publica&ccedil;&atilde;o da senten&ccedil;a condenat&oacute;ria. Ao pretenso ofendido caberia, se quisesse, oferecer-se a uma entrevista e, por esse ou por modos equivalentes, disputar com o notici&aacute;rio a publica&ccedil;&atilde;o de sua defesa.<\/p>\n<p>Estou entre os que acham, mais do que necess&aacute;ria, indispens&aacute;vel a exist&ecirc;ncia de legisla&ccedil;&atilde;o reguladora do exerc&iacute;cio da imprensa e, portanto, da sua contraparte, que s&atilde;o os objetos (pessoas e atividades) do publicado. A preserva&ccedil;&atilde;o da liberdade de imprensa e dos direitos democr&aacute;ticos n&atilde;o est&aacute; na exist&ecirc;ncia de regulamenta&ccedil;&atilde;o, mas no seu sentido e nos prop&oacute;sitos e nas abrang&ecirc;ncias que estabele&ccedil;a. D&aacute; uma id&eacute;ia desse princ&iacute;pio a lembran&ccedil;a de que, assim como os objetos da imprensa t&ecirc;m direitos, o jornalismo tamb&eacute;m os tem e, acima deles, tem ainda os seus t&iacute;picos e onerosos deveres sociais, c&iacute;vicos e morais. Direitos e prop&oacute;sitos contrapostos requerem regula&ccedil;&atilde;o e, &agrave;s vezes, a media&ccedil;&atilde;o que &eacute; o Judici&aacute;rio.<\/p>\n<p>O impedimento de procedimentos judiciais de defesa, justificada ou n&atilde;o, por parte de &quot;agentes da vida p&uacute;blica&quot; come&ccedil;a por estabelecer uma diferencia&ccedil;&atilde;o antidemocr&aacute;tica nos direitos gerais da cidadania, com a cria&ccedil;&atilde;o da subclasse dos indefesos morais. Em nome da liberdade, introduz a discrimina&ccedil;&atilde;o no acesso aos direitos civis. &Eacute;, na rela&ccedil;&atilde;o entre imprensa, direitos e sociedade, o regime totalit&aacute;rio &agrave;s avessas mas t&atilde;o totalit&aacute;rio quanto em sua modalidade convencional.<\/p>\n<p>Mais para n&atilde;o ser faltoso, do que por necessidade, fica aqui o registro de que, a deixar a pretensa defesa na disputa por espa&ccedil;o no notici&aacute;rio, ou seja, &agrave; vontade da imprensa, todos sabem que a regra mais adotada seria a de mais ataque e nada de defesa. Origin&aacute;rio da imprensa, que foi sua rampa de acesso aos primeiros mandatos, o deputado Miro Teixeira talvez esquecesse, mas sabe que seria assim.<\/p>\n<p>&Eacute; constrangedor dizer isto, mas a&iacute; vai: o problema para ter-se imprensa s&eacute;ria e democr&aacute;tica &eacute; a conten&ccedil;&atilde;o das tantas irresponsabilidades. N&atilde;o &eacute; o caso, aqui, de considerar suas diferentes proced&ecirc;ncias ou poss&iacute;veis motiva&ccedil;&otilde;es. Mas impedir o direito de defesa de &quot;agentes da vida p&uacute;blica&quot;, a t&iacute;tulo de impedi-los de &quot;ocultar, intimidar e impedir investiga&ccedil;&otilde;es&quot;, seria liberar todas as irresponsabilidades. E, em alguma medida, seria mesmo abrir as portas para chantagens e neg&oacute;cios sujos.<\/p>\n<p>O assunto imprensa &eacute; mais complicado, sob todos os &acirc;ngulos, do que parece. Mais complicado para dentro e para fora da imprensa.<\/p>\n","protected":false},"excerpt":{"rendered":"<p>A id&eacute;ia de que a liberdade de imprensa depende da inexist&ecirc;ncia de regulamenta&ccedil;&atilde;o legal espec&iacute;fica, seja ou n&atilde;o voltada s&oacute; para a imprensa, foi levada por seu mais ativo defensor atual, deputado Miro Teixeira, a uma inova&ccedil;&atilde;o conceitual que nada tem, ou teve, sequer de parecido aqui ou mundo afora. J&aacute; autor da a&ccedil;&atilde;o que &hellip; <a href=\"https:\/\/obscom.intervozes.org.br\/?p=21096\" class=\"more-link\">Continue lendo <span class=\"screen-reader-text\">A necess\u00e1ria regula\u00e7\u00e3o do exerc\u00edcio da imprensa<\/span> <span class=\"meta-nav\">&rarr;<\/span><\/a><\/p>\n","protected":false},"author":1,"featured_media":0,"comment_status":"open","ping_status":"open","sticky":false,"template":"","format":"standard","meta":{"footnotes":""},"categories":[42],"tags":[616],"_links":{"self":[{"href":"https:\/\/obscom.intervozes.org.br\/index.php?rest_route=\/wp\/v2\/posts\/21096"}],"collection":[{"href":"https:\/\/obscom.intervozes.org.br\/index.php?rest_route=\/wp\/v2\/posts"}],"about":[{"href":"https:\/\/obscom.intervozes.org.br\/index.php?rest_route=\/wp\/v2\/types\/post"}],"author":[{"embeddable":true,"href":"https:\/\/obscom.intervozes.org.br\/index.php?rest_route=\/wp\/v2\/users\/1"}],"replies":[{"embeddable":true,"href":"https:\/\/obscom.intervozes.org.br\/index.php?rest_route=%2Fwp%2Fv2%2Fcomments&post=21096"}],"version-history":[{"count":0,"href":"https:\/\/obscom.intervozes.org.br\/index.php?rest_route=\/wp\/v2\/posts\/21096\/revisions"}],"wp:attachment":[{"href":"https:\/\/obscom.intervozes.org.br\/index.php?rest_route=%2Fwp%2Fv2%2Fmedia&parent=21096"}],"wp:term":[{"taxonomy":"category","embeddable":true,"href":"https:\/\/obscom.intervozes.org.br\/index.php?rest_route=%2Fwp%2Fv2%2Fcategories&post=21096"},{"taxonomy":"post_tag","embeddable":true,"href":"https:\/\/obscom.intervozes.org.br\/index.php?rest_route=%2Fwp%2Fv2%2Ftags&post=21096"}],"curies":[{"name":"wp","href":"https:\/\/api.w.org\/{rel}","templated":true}]}}