{"id":21093,"date":"2008-05-01T14:10:02","date_gmt":"2008-05-01T14:10:02","guid":{"rendered":"https:\/\/obscom.intervozes.org.br\/wordpress\/?p=21093"},"modified":"2008-05-01T14:10:02","modified_gmt":"2008-05-01T14:10:02","slug":"bittar-apresenta-nova-versao-de-projeto-com-mudancas-pontuais","status":"publish","type":"post","link":"https:\/\/obscom.intervozes.org.br\/?p=21093","title":{"rendered":"Bittar apresenta nova vers\u00e3o de projeto, com mudan\u00e7as pontuais"},"content":{"rendered":"<p>O deputado Jorge Bittar (PT\/RJ) divulgou na noite desta quarta, 30, uma nova vers&atilde;o do substitutivo ao PL 29\/2007. Na verdade, n&atilde;o &eacute; um novo substitutivo, mas sim um novo parecer, com emendas ao substitutivo anterior. Na pr&aacute;tica, h&aacute; altera&ccedil;&otilde;es importantes. O novo texto est&aacute; dispon&iacute;vel em <a href=\"http:\/\/www.paytv.com.br\/arquivos\/PL29-v300408.pdf\">www.paytv.com.br\/arquivos\/PL29-v300408.pdf<\/a>.<\/p>\n<p>Uma mudan&ccedil;a importante se d&aacute; na defini&ccedil;&atilde;o do servi&ccedil;o de acesso condicionado. Foi desfeita a confus&atilde;o no texto que permitia a interpreta&ccedil;&atilde;o de que conte&uacute;dos dispon&iacute;veis pela Internet aberta poderiam ser caracterizados como SAC.<\/p>\n<p><strong>VOD e PPV<\/p>\n<p><\/strong>Outra mudan&ccedil;a &eacute; que conte&uacute;dos em cat&aacute;logos ofertados para aquisi&ccedil;&atilde;o mediante modalidade avulsa, que antes eram entendidos como servi&ccedil;o de acesso condicionado, n&atilde;o est&atilde;o mais inclu&iacute;dos na defini&ccedil;&atilde;o. Aparentemente, essa mudan&ccedil;a livra o enquadramento de servi&ccedil;os de v&iacute;deo-sob-demanda e alguns tipos de pay-per-view. Entretanto, continua havendo cotas para modalidades avulsas de conte&uacute;dos.<\/p>\n<p>O substitutivo foi acrescido de defini&ccedil;&otilde;es espec&iacute;ficas sobre &quot;modalidade avulsa de programa&ccedil;&atilde;o&quot;, &quot;modalidade avulsa de conte&uacute;do programado&quot; e &quot;modalidade avulsa de conte&uacute;do em cat&aacute;logo&quot;. A primeira refere-se, na pr&aacute;tica, a canais &agrave; la carte; a segunda, a canais pay-per-view; e a terceira, a conte&uacute;dos sob demanda. Nenhuma das tr&ecirc;s entra da defini&ccedil;&atilde;o de SAC, dando a entender que n&atilde;o &eacute; necess&aacute;ria a autoriza&ccedil;&atilde;o para o servi&ccedil;o no caso da explora&ccedil;&atilde;o destas modalidades, ainda que a elas sejam aplicadas cotas de conte&uacute;do brasileiro.<\/p>\n<p><strong>Fica como est&aacute;<\/p>\n<p><\/strong>Agora os atuais operadores de cabo, MMDS, DTH e TVA (Servi&ccedil;o Especial de TV por Assinatura) n&atilde;o s&atilde;o obrigados a mudar para o novo Servi&ccedil;o de Acesso Condicionado (SAC). Eles podem permanecer com as concess&atilde;o e autoriza&ccedil;&otilde;es vigentes at&eacute; o final dos contratos, &quot;nas condi&ccedil;&otilde;es em que foram autorizadas&quot;. Na vers&atilde;o anterior, essa possibilidade tamb&eacute;m existia, mas era necess&aacute;rio manifestar o n&atilde;o-interesse na migra&ccedil;&atilde;o.<\/p>\n<p>Algumas autoriza&ccedil;&otilde;es de MMDS come&ccedil;am a vencer em 2009, e as primeiras concess&otilde;es de cabo vencem apenas a partir de 2011. As concess&otilde;es mais recentes de cabo valem at&eacute; 2016.<\/p>\n<p>Isso n&atilde;o significa, contudo, que a aplica&ccedil;&atilde;o das cotas sobre programa&ccedil;&atilde;o n&atilde;o se aplica. Os prazos para a adapta&ccedil;&atilde;o dos canais e programadores continua o mesmo.<\/p>\n<p><strong>Propriedade cruzada<\/p>\n<p><\/strong>A regra que impedia radiodifusores e empresas de conte&uacute;do de controlar empresas de telecomunica&ccedil;&otilde;es de interesse coletivo e, no outro sentido, impedia teles de controlar mais de 30% do capital de empresas de conte&uacute;do, agora ganha algumas exce&ccedil;&otilde;es.<\/p>\n<p>As empresas de conte&uacute;do e radiodifusores poder&atilde;o ter o controle sobre empresas de telecomunica&ccedil;&otilde;es de interesse coletivo desde que esta empresa de telecomunica&ccedil;&otilde;es preste exclusivamente o servi&ccedil;o de radiodifus&atilde;o ou que seja utilizada para o transporte de conte&uacute;dos. Esta exce&ccedil;&atilde;o se aplica, por exemplo, para os casos em que o servi&ccedil;o de radiodifus&atilde;o for oferecido via sat&eacute;lite ou que redes de telecomunica&ccedil;&otilde;es forem criadas para a distribui&ccedil;&atilde;o de sinais de TV.<\/p>\n<p>A outra exce&ccedil;&atilde;o &eacute; que agora teles podem controlar empresas de radiodifus&atilde;o e conte&uacute;dos que se dediquem, exclusivamente, ao mercado internacional.<\/p>\n<p><strong>Must carry<\/p>\n<p><\/strong>A regra que d&aacute; aos prestadores do Servi&ccedil;o de Acesso Condicionado (SAC) o direito de retransmitir os sinais das geradoras locais de radiodifus&atilde;o foi mantida, com alguns ajustes.<\/p>\n<p>No entanto, o pedido da Abert, que queria a possibilidade de cobrar inclusive pelo conte&uacute;do anal&oacute;gico dos radiodifusores, n&atilde;o foi acatado. Uma mudan&ccedil;a &eacute; que os canais das geradoras de radiodifus&atilde;o precisam ser mantidos na seq&uuml;&ecirc;ncia em que se encontram quando captados de forma aberta.<\/p>\n<p>Outra mudan&ccedil;a &eacute; que as geradoras locais ter&atilde;o o poder de vedar a distribui&ccedil;&atilde;o de sinais de outras emissoras de TV que integrem a mesma rede em sua respectiva &aacute;rea de concess&atilde;o. Simplificando, uma afiliada de uma rede de TV pode impedir, em sua &aacute;rea de concess&atilde;o, que uma empresa de Servi&ccedil;o de Acesso Condicionado leve o sinal de outra emissora da mesma rede ou o sinal nacional desta rede.<\/p>\n<p><strong><span class=\"titnews\">Canais pan-regionais<\/p>\n<p><\/span><\/strong>O novo parecer traz mudan&ccedil;as importantes no pol&ecirc;mico sistema de cotas criado. A mais importante foi a retirada de uma ressalva que preservava os canais considerados pan-regionais do cumprimento da cota de veicula&ccedil;&atilde;o de conte&uacute;do nacional.<\/p>\n<p>Na vers&atilde;o anterior, Bittar permitia que as empresas solicitassem &agrave; Ancine a dispensa do cumprimento da cota quando o conte&uacute;do transmitido pelo canal n&atilde;o tivesse o objetivo exclusivo de atender o p&uacute;blico brasileiro. Essa regra, se tivesse sido mantida, possibilitaria que uma s&eacute;rie de canais veiculados hoje nos pacotes das operadoras via sat&eacute;lite solicitassem a dispensa do cumprimenro da obriga&ccedil;&atilde;o.<\/p>\n<p><strong>Produ&ccedil;&atilde;o independente<\/p>\n<p><\/strong>Mas as mudan&ccedil;as n&atilde;o param por ai. O relator incluiu uma nova regra que beneficia diretamente os produtores independentes. Do conjunto de canais nacionais que obrigatoriamente dever&atilde;o ser inclu&iacute;dos nos pacotes pela nova lei, o deputado decidiu que um canal ter&aacute; que veicular, no m&iacute;nimo, oito horas di&aacute;rias de conte&uacute;do contratado de produtora independente, sendo que tr&ecirc;s horas em hor&aacute;rio nobre. Essa nova obriga&ccedil;&atilde;o insere-se na cota que estabelece que 25% do pacote comercializado deve ser preenchido com canais brasileiros.<\/p>\n<p>Ainda com rela&ccedil;&atilde;o a esta cota, houve uma mudan&ccedil;a na nomenclatura da &quot;programadora independente&quot;, definida na vers&atilde;o anterior. Agora, o texto passa a chamar essa categoria de &quot;programadora incentivada&quot;, embora o relator n&atilde;o tenha mexido nos atributos que definem essa prestadora de servi&ccedil;o: &quot;programadora brasileira que n&atilde;o seja controladora, controlada ou coligada de programadoras que programem mais do que 1\/3 dos canais do pacote ou de sua empacotadora ou distribuidora&quot;. Esta mantida a exig&ecirc;ncia de que 1\/3 dos canais brasileiros sejam programados por estas &quot;programadoras incentivadas&quot;.<\/p>\n<p><strong>Espa&ccedil;o qualificado restrito<\/p>\n<p><\/strong>O deputado criou uma subdefini&ccedil;&atilde;o dentro do quesito &quot;espa&ccedil;o qualificado&quot; e que altera alguns sistemas de c&aacute;lculo do cumprimento das obriga&ccedil;&otilde;es. Agora existe tamb&eacute;m a defini&ccedil;&atilde;o de &quot;espa&ccedil;o qualificado restrito&quot;, que nada mais &eacute; do que o conte&uacute;do qualificado, exceto programas de audit&oacute;rio e jornal&iacute;stico. Rememorando, o espa&ccedil;o qualificado &eacute; aquele que, majoritariamente, veicula conte&uacute;dos associados &agrave; dramaturgia, como filmes, novelas e s&eacute;ries. Apenas programas de debate e coment&aacute;rios s&atilde;o exclu&iacute;dos nas duas categorias, apesar de ser considerados jornal&iacute;sticos em diversas ocasi&otilde;es.<\/p>\n<p>A nova defini&ccedil;&atilde;o serve, justamente, para a cota rec&eacute;m-criada em favor da produ&ccedil;&atilde;o independente j&aacute; comentada. O cumprimento da obriga&ccedil;&atilde;o de reserva de um canal para veicula&ccedil;&atilde;o de oito horas di&aacute;rias de produ&ccedil;&atilde;o independente deve seguir a regra do espa&ccedil;o qualificado restrito. Ou seja, n&atilde;o cumprem essa cota programas jornal&iacute;sticos e de audit&oacute;rio. <\/p>\n<p><strong>Compensa&ccedil;&atilde;o<\/p>\n<p><\/strong>Tamb&eacute;m foi preservada no texto a possibilidade de compensar o cumprimento da cota de veicula&ccedil;&atilde;o de canais nacionais e a que exige a veicula&ccedil;&atilde;o de, no m&iacute;nimo, 3h30 semanais de conte&uacute;do nacional em cada canal pelas operadoras. A diferen&ccedil;a &eacute; que as empresas s&oacute; poder&atilde;o solicitar uma compensa&ccedil;&atilde;o &quot;parcial&quot;. Antes n&atilde;o havia qualquer ressalva no texto que impedisse a operadora de solicitar a compensa&ccedil;&atilde;o total da cota usando a programa&ccedil;&atilde;o de um &uacute;nico canal, por exemplo.<\/p>\n<p>A flexibiliza&ccedil;&atilde;o tamb&eacute;m s&oacute; poder&aacute; ser solicitada quando os canais forem programados por programadoras com um m&iacute;nimo de 50% de capital comum ou rela&ccedil;&atilde;o direta de controle entre elas. Os pedidos continuam sendo avaliados pela Ancine, que decide se libera a compensa&ccedil;&atilde;o ou n&atilde;o.<\/p>\n<p><strong>Ancine<\/p>\n<p><\/strong>Praticamente todas as atribui&ccedil;&otilde;es novas dadas &agrave; Ancine pelo projeto permaneceram intactas. Apenas uma, referente &agrave; puni&ccedil;&atilde;o das empresas que veicularem publicidade contratada fora do Pa&iacute;s, foi alterada pelo relator. No novo parecer, a Ancine fiscalizar&aacute; este item mas, caso constate irregularidades, notificar&aacute; a Anatel que, por sua vez, ser&aacute; respons&aacute;vel por solicitar &agrave; operadora a retirada da publicidade ilegal.<\/p>\n<p><strong><span class=\"titnews\">Incentivo ao audiovisual ter&aacute; mais R$ 40 milh&otilde;es<\/p>\n<p><\/span><\/strong>A tabela do Fistel sofreu mais uma mudan&ccedil;a no novo parecer do deputado Jorge Bittar (PT\/RJ) para o PL 29\/2007, que trata do mercado de TV por assinatura e da cadeia do audiovisual. Desta vez, o relator prop&otilde;e uma redu&ccedil;&atilde;o menor na al&iacute;quota de c&aacute;lculo da Taxa de Fiscaliza&ccedil;&atilde;o de Funcionamento (TFF), o que elevar&aacute; o recolhimento de verbas de incentivo para o audiovisual. No novo texto, divulgado nesta quarta-feira, 30, a proposta &eacute; que a base de c&aacute;lculo da TFF passe de 45% da Taxa de Fiscaliza&ccedil;&atilde;o de Instala&ccedil;&atilde;o (TFI) para 33%. Na vers&atilde;o anterior, o &iacute;ndice seria de 32,5% da TFI.<\/p>\n<p>O percentual de queda da cobran&ccedil;a da TFF dos prestadores de telecom foi mantido em 11% como proposto anteriormente. Mas com a mudan&ccedil;a na base de c&aacute;lculo, a nova contagem gerar&aacute; um acr&eacute;scimo de R$ 40 milh&otilde;es nas verbas que o deputado pretende redestinar para o fomento do audiovisual. Na primeira vers&atilde;o, a redu&ccedil;&atilde;o de 11% aplicados sobre a TFF geraria uma reserva de R$ 300 milh&otilde;es. Na nova proposta, esse valor sobe para R$ 340 milh&otilde;es.<\/p>\n<p>A recupera&ccedil;&atilde;o do encargo se dar&aacute; com a calibragem da Contribui&ccedil;&atilde;o para o Desenvolvimento da Ind&uacute;stria Cinematogr&aacute;fica Nacional (Condecine). Para n&atilde;o criar um imposto novo, como era a sua id&eacute;ia original, o deputado insistiu no modelo de eleva&ccedil;&atilde;o do Condecine na mesma propor&ccedil;&atilde;o da redu&ccedil;&atilde;o da cobran&ccedil;a do Fistel, de acordo com a sua justificativa apresentada junto com o parecer.<\/p>\n<p>As regras de destina&ccedil;&atilde;o das novas receitas de fomento permanecem as mesmas propostas anteriormente por Bittar: no m&iacute;nimo 30% dever&atilde;o ser destinados a produtoras brasileiras localizadas nas regi&otilde;es Norte, Nordeste e Centro-Oeste; e ao menos 10% ser&atilde;o destinados para o fomento da produ&ccedil;&atilde;o de conte&uacute;do que sejam veiculados primeiramente em canais comunit&aacute;rios e universit&aacute;rios.<\/p>\n","protected":false},"excerpt":{"rendered":"<p>Vers\u00e3o divulgada conta mudan\u00e7as pontuais, como a nova f\u00f3rmula para c\u00e1lculo das cotas, a supress\u00e3o da ressalva aos canais pan-regionais, a flexibiliza\u00e7\u00e3o da propriedade cruzada e o acr\u00e9scimo de R$ 40 milh\u00f5es aos recursos destinados ao fomento do audiovisual.<\/p>\n","protected":false},"author":1,"featured_media":0,"comment_status":"open","ping_status":"open","sticky":false,"template":"","format":"standard","meta":{"footnotes":""},"categories":[40],"tags":[556],"_links":{"self":[{"href":"https:\/\/obscom.intervozes.org.br\/index.php?rest_route=\/wp\/v2\/posts\/21093"}],"collection":[{"href":"https:\/\/obscom.intervozes.org.br\/index.php?rest_route=\/wp\/v2\/posts"}],"about":[{"href":"https:\/\/obscom.intervozes.org.br\/index.php?rest_route=\/wp\/v2\/types\/post"}],"author":[{"embeddable":true,"href":"https:\/\/obscom.intervozes.org.br\/index.php?rest_route=\/wp\/v2\/users\/1"}],"replies":[{"embeddable":true,"href":"https:\/\/obscom.intervozes.org.br\/index.php?rest_route=%2Fwp%2Fv2%2Fcomments&post=21093"}],"version-history":[{"count":0,"href":"https:\/\/obscom.intervozes.org.br\/index.php?rest_route=\/wp\/v2\/posts\/21093\/revisions"}],"wp:attachment":[{"href":"https:\/\/obscom.intervozes.org.br\/index.php?rest_route=%2Fwp%2Fv2%2Fmedia&parent=21093"}],"wp:term":[{"taxonomy":"category","embeddable":true,"href":"https:\/\/obscom.intervozes.org.br\/index.php?rest_route=%2Fwp%2Fv2%2Fcategories&post=21093"},{"taxonomy":"post_tag","embeddable":true,"href":"https:\/\/obscom.intervozes.org.br\/index.php?rest_route=%2Fwp%2Fv2%2Ftags&post=21093"}],"curies":[{"name":"wp","href":"https:\/\/api.w.org\/{rel}","templated":true}]}}