{"id":21088,"date":"2008-04-30T14:38:55","date_gmt":"2008-04-30T14:38:55","guid":{"rendered":"https:\/\/obscom.intervozes.org.br\/wordpress\/?p=21088"},"modified":"2008-04-30T14:38:55","modified_gmt":"2008-04-30T14:38:55","slug":"anatel-e-teles-moveis-assinam-contratos-para-prestacao-de-servicos-3g","status":"publish","type":"post","link":"https:\/\/obscom.intervozes.org.br\/?p=21088","title":{"rendered":"Anatel e teles m\u00f3veis assinam contratos para presta\u00e7\u00e3o de servi\u00e7os 3G"},"content":{"rendered":"<p><span>A Ag&ecirc;ncia Nacional de Telecomunica&ccedil;&otilde;es (Anatel) e as prestadoras de Servi&ccedil;o M&oacute;vel Pessoal (SMP) assinaram ontem (29), na Sede da Ag&ecirc;ncia, em Bras&iacute;lia, os Termos de Autoriza&ccedil;&atilde;o que permitir&atilde;o a implementa&ccedil;&atilde;o dos servi&ccedil;os de terceira gera&ccedil;&atilde;o (3G). <\/p>\n<p><\/span><span>Com a assinatura dos contratos, as operadoras dever&atilde;o oferecer acesso a banda larga sem fio a mais 3.800 munic&iacute;pios do prazo de oito anos. Tamb&eacute;m ficam obrigadas a levar, em at&eacute; dois anos, a telefonia m&oacute;vel a 1.836 munic&iacute;pios atualmente sem cobertura, possibilitando que mais 17 milh&otilde;es de pessoas tenham acesso a esse servi&ccedil;o. <\/p>\n<p><\/span><span>De acordo com o cronograma estabelecido pela Anatel, em dois anos, todas as capitais dos estados, o Distrito Federal e as cidades com mais de 500 mil habitantes contar&atilde;o com os servi&ccedil;os de 3G. Ao fim de quatro anos, todos os munic&iacute;pios com mais de 200 mil habitantes dever&atilde;o estar cobertos pela banda larga sem fio. <\/span><span>Passados cinco anos, 50% dos munic&iacute;pios com popula&ccedil;&atilde;o entre 30 mil e 100 mil habitantes dever&atilde;o ter o servi&ccedil;o &agrave; disposi&ccedil;&atilde;o. <\/p>\n<p>Tamb&eacute;m em cinco anos, 100% dos munic&iacute;pios com mais de 100 mil habitantes dever&atilde;o estar aptos a utilizar esses servi&ccedil;os. <\/span><span>Ao fim do oitavo ano, pelo menos 60% dos munic&iacute;pios com menos de 30 mil habitantes ter&atilde;o acesso a essa tecnologia.<\/span><span>&nbsp;<\/span><span>As prestadoras obtiveram o direito de explorar os servi&ccedil;os de 3G em licita&ccedil;&atilde;o, realizada pela Anatel em dezembro de 2007. No total, as empresas ofereceram R$ 5,3 bilh&otilde;es pelos 36 lotes colocados em disputa. As licen&ccedil;as de explora&ccedil;&atilde;o do servi&ccedil;o ter&atilde;o prazo de 15 anos, renov&aacute;veis uma vez por igual per&iacute;odo.<\/span><\/p>\n","protected":false},"excerpt":{"rendered":"<p>A Ag&ecirc;ncia Nacional de Telecomunica&ccedil;&otilde;es (Anatel) e as prestadoras de Servi&ccedil;o M&oacute;vel Pessoal (SMP) assinaram ontem (29), na Sede da Ag&ecirc;ncia, em Bras&iacute;lia, os Termos de Autoriza&ccedil;&atilde;o que permitir&atilde;o a implementa&ccedil;&atilde;o dos servi&ccedil;os de terceira gera&ccedil;&atilde;o (3G). Com a assinatura dos contratos, as operadoras dever&atilde;o oferecer acesso a banda larga sem fio a mais 3.800 &hellip; <a href=\"https:\/\/obscom.intervozes.org.br\/?p=21088\" class=\"more-link\">Continue lendo <span class=\"screen-reader-text\">Anatel e teles m\u00f3veis assinam contratos para presta\u00e7\u00e3o de servi\u00e7os 3G<\/span> <span class=\"meta-nav\">&rarr;<\/span><\/a><\/p>\n","protected":false},"author":1,"featured_media":0,"comment_status":"open","ping_status":"open","sticky":false,"template":"","format":"standard","meta":{"footnotes":""},"categories":[39],"tags":[],"_links":{"self":[{"href":"https:\/\/obscom.intervozes.org.br\/index.php?rest_route=\/wp\/v2\/posts\/21088"}],"collection":[{"href":"https:\/\/obscom.intervozes.org.br\/index.php?rest_route=\/wp\/v2\/posts"}],"about":[{"href":"https:\/\/obscom.intervozes.org.br\/index.php?rest_route=\/wp\/v2\/types\/post"}],"author":[{"embeddable":true,"href":"https:\/\/obscom.intervozes.org.br\/index.php?rest_route=\/wp\/v2\/users\/1"}],"replies":[{"embeddable":true,"href":"https:\/\/obscom.intervozes.org.br\/index.php?rest_route=%2Fwp%2Fv2%2Fcomments&post=21088"}],"version-history":[{"count":0,"href":"https:\/\/obscom.intervozes.org.br\/index.php?rest_route=\/wp\/v2\/posts\/21088\/revisions"}],"wp:attachment":[{"href":"https:\/\/obscom.intervozes.org.br\/index.php?rest_route=%2Fwp%2Fv2%2Fmedia&parent=21088"}],"wp:term":[{"taxonomy":"category","embeddable":true,"href":"https:\/\/obscom.intervozes.org.br\/index.php?rest_route=%2Fwp%2Fv2%2Fcategories&post=21088"},{"taxonomy":"post_tag","embeddable":true,"href":"https:\/\/obscom.intervozes.org.br\/index.php?rest_route=%2Fwp%2Fv2%2Ftags&post=21088"}],"curies":[{"name":"wp","href":"https:\/\/api.w.org\/{rel}","templated":true}]}}