{"id":21087,"date":"2008-04-30T13:06:05","date_gmt":"2008-04-30T13:06:05","guid":{"rendered":"https:\/\/obscom.intervozes.org.br\/wordpress\/?p=21087"},"modified":"2008-04-30T13:06:05","modified_gmt":"2008-04-30T13:06:05","slug":"governador-do-maranhao-fecha-radio-do-proprio-governo-estadual","status":"publish","type":"post","link":"https:\/\/obscom.intervozes.org.br\/?p=21087","title":{"rendered":"Governador do Maranh\u00e3o fecha r\u00e1dio do pr\u00f3prio governo estadual"},"content":{"rendered":"<p>O governador do Maranh&atilde;o, Jackson Lago (PDT), determinou que fosse fechada a r&aacute;dio Timbira, que pertence ao pr&oacute;prio governo do estado. A r&aacute;dio deve permanecer fechada por dez dias. A informa&ccedil;&atilde;o &eacute; do jornal Folha de S. Paulo. <\/p>\n<p>Segundo informa&ccedil;&atilde;o da Secretaria de Comunica&ccedil;&atilde;o do Maranh&atilde;o, a r&aacute;dio foi fechada para que sejam feitos &quot;ajustes t&eacute;cnicos&quot;. Ap&oacute;s o per&iacute;odo fora do ar, por&eacute;m, a emissora retornar&aacute; sob nova dire&ccedil;&atilde;o, informou a Secretaria. Policiais militares estiveram na segunda-feira (28) no pr&eacute;dio da emissora para suspender seu funcionamento.<\/p>\n<p>Segundo o diretor da emissora, com o fechamento, o governador quer preservar seu governo. &quot;O governador me ligou dizendo que a emissora n&atilde;o estava ajudando o governo dele, que iria prejudic&aacute;-lo neste momento em que tem um processo de cassa&ccedil;&atilde;o de mandato no TSE, e que iria tir&aacute;-la do ar por dez dias&quot;, disse Gilberto Lima &agrave; Folha.<\/p>\n<p>Do Portal Imprensa.<\/p>\n","protected":false},"excerpt":{"rendered":"<p>O governador do Maranh&atilde;o, Jackson Lago (PDT), determinou que fosse fechada a r&aacute;dio Timbira, que pertence ao pr&oacute;prio governo do estado. A r&aacute;dio deve permanecer fechada por dez dias. A informa&ccedil;&atilde;o &eacute; do jornal Folha de S. Paulo. Segundo informa&ccedil;&atilde;o da Secretaria de Comunica&ccedil;&atilde;o do Maranh&atilde;o, a r&aacute;dio foi fechada para que sejam feitos &quot;ajustes &hellip; <a href=\"https:\/\/obscom.intervozes.org.br\/?p=21087\" class=\"more-link\">Continue lendo <span class=\"screen-reader-text\">Governador do Maranh\u00e3o fecha r\u00e1dio do pr\u00f3prio governo estadual<\/span> <span class=\"meta-nav\">&rarr;<\/span><\/a><\/p>\n","protected":false},"author":1,"featured_media":0,"comment_status":"open","ping_status":"open","sticky":false,"template":"","format":"standard","meta":{"footnotes":""},"categories":[39],"tags":[],"_links":{"self":[{"href":"https:\/\/obscom.intervozes.org.br\/index.php?rest_route=\/wp\/v2\/posts\/21087"}],"collection":[{"href":"https:\/\/obscom.intervozes.org.br\/index.php?rest_route=\/wp\/v2\/posts"}],"about":[{"href":"https:\/\/obscom.intervozes.org.br\/index.php?rest_route=\/wp\/v2\/types\/post"}],"author":[{"embeddable":true,"href":"https:\/\/obscom.intervozes.org.br\/index.php?rest_route=\/wp\/v2\/users\/1"}],"replies":[{"embeddable":true,"href":"https:\/\/obscom.intervozes.org.br\/index.php?rest_route=%2Fwp%2Fv2%2Fcomments&post=21087"}],"version-history":[{"count":0,"href":"https:\/\/obscom.intervozes.org.br\/index.php?rest_route=\/wp\/v2\/posts\/21087\/revisions"}],"wp:attachment":[{"href":"https:\/\/obscom.intervozes.org.br\/index.php?rest_route=%2Fwp%2Fv2%2Fmedia&parent=21087"}],"wp:term":[{"taxonomy":"category","embeddable":true,"href":"https:\/\/obscom.intervozes.org.br\/index.php?rest_route=%2Fwp%2Fv2%2Fcategories&post=21087"},{"taxonomy":"post_tag","embeddable":true,"href":"https:\/\/obscom.intervozes.org.br\/index.php?rest_route=%2Fwp%2Fv2%2Ftags&post=21087"}],"curies":[{"name":"wp","href":"https:\/\/api.w.org\/{rel}","templated":true}]}}