{"id":21083,"date":"2008-04-29T16:58:45","date_gmt":"2008-04-29T16:58:45","guid":{"rendered":"https:\/\/obscom.intervozes.org.br\/wordpress\/?p=21083"},"modified":"2008-04-29T16:58:45","modified_gmt":"2008-04-29T16:58:45","slug":"o-consumidor-e-a-alteracao-do-plano-de-metas-de-universalizacao-de-telefonia","status":"publish","type":"post","link":"https:\/\/obscom.intervozes.org.br\/?p=21083","title":{"rendered":"O consumidor e a altera\u00e7\u00e3o do plano de metas de universaliza\u00e7\u00e3o de telefonia"},"content":{"rendered":"<p><span>No &uacute;ltimo dia 7, foi aprovado o Decreto 6424\/2008, que altera o Plano Geral de Metas para a Universaliza&ccedil;&atilde;o do Servi&ccedil;o Telef&ocirc;nico Fixo Comutado. Segundo o governo federal, a iniciativa tem o objetivo de levar internet banda larga &agrave;s escolas, trocando-se as obriga&ccedil;&otilde;es iniciais de universaliza&ccedil;&atilde;o das concession&aacute;rias de telefonia fixa (instala&ccedil;&atilde;o de Postos de Servi&ccedil;os de Telecomunica&ccedil;&otilde;es que devem contar com uma estrutura que compreende orelh&otilde;es, fax e computadores com acesso &agrave; internet por linha discada) pela instala&ccedil;&atilde;o de parte da estrutura para provimento de banda larga (backhauls). <\/p>\n<p><\/span><span>O Idec (Instituto Brasileiro de Defesa do Consumidor) entende ser louv&aacute;vel a iniciativa de universalizar o acesso &agrave; internet por meio de banda larga, visto ser hoje esse meio de comunica&ccedil;&atilde;o essencial na vida dos cidad&atilde;os e consumidores brasileiros. A inclus&atilde;o digital &eacute; indiscutivelmente pertinente; sem ela, a cidadania n&atilde;o &eacute; plena.<\/p>\n<p><\/span><span>Entretanto, os meios pelos quais o Poder P&uacute;blico, com o forte e poderoso lobby das concession&aacute;rias, pretende alcan&ccedil;ar esse fim n&atilde;o s&atilde;o adequados e, n&atilde;o s&oacute;, podem trazer s&eacute;rios problemas e provocar graves danos &agrave; vida do consumidor.<\/p>\n<p><\/span><span>Segundo a Lei Geral de Telecomunica&ccedil;&otilde;es (Lei 9.472\/97), pode-se exigir cumprimento de metas de universaliza&ccedil;&atilde;o somente nos casos de servi&ccedil;os prestados em regime p&uacute;blico. No Brasil, o &uacute;nico servi&ccedil;o assim classificado &eacute; o de telefonia fixa (STFC). Como a banda larga &eacute; prestada em regime privado, poder&aacute; haver, no futuro, questionamentos por parte das concession&aacute;rias quanto &agrave; obrigatoriedade do cumprimento do novo plano de metas de universaliza&ccedil;&atilde;o.<\/p>\n<p><\/span><span>Mesmo que n&atilde;o haja questionamentos quanto &agrave; exigibilidade das novas metas &ndash; at&eacute; porque, por enquanto, as mudan&ccedil;as atendem a demanda das pr&oacute;prias concession&aacute;rias &ndash; outros pontos precisam ser considerados.<\/p>\n<p><\/span><span>Primeiramente, as concession&aacute;rias e a Anatel sempre justificaram o pagamento da assinatura b&aacute;sica pelos consumidores como forma de prover recursos para que os custos da universaliza&ccedil;&atilde;o da telefonia fixa fossem cobertos. Ora, &eacute; sabido que a popula&ccedil;&atilde;o de menor renda n&atilde;o tem como comprometer quase R$ 40 de seus ganhos com a assinatura, recorrendo, em muitas vezes, ao uso do celular pr&eacute;-pago para receber liga&ccedil;&otilde;es, mas n&atilde;o podendo efetu&aacute;-las em raz&atilde;o do alt&iacute;ssimo custo do minuto. Isso nos faz questionar se a universaliza&ccedil;&atilde;o do acesso &agrave; telefonia foi de fato atingida.<\/p>\n<p><\/span><span>A resposta a essa quest&atilde;o &eacute; negativa, o que nos leva a um segundo ponto: &eacute; leg&iacute;timo conceder &agrave;s concession&aacute;rias a op&ccedil;&atilde;o de substituir um servi&ccedil;o por outro, i) quando o servi&ccedil;o previsto anteriormente deveria ter sido universalizado e n&atilde;o foi; ii) alterando o objeto de um contrato de concess&atilde;o, decorrente de um edital p&uacute;blico e um processo licitat&oacute;rio transparente, j&aacute; em vigor?<\/p>\n<p><\/span><span>Com essa altera&ccedil;&atilde;o das metas de universaliza&ccedil;&atilde;o, as concession&aacute;rias poder&atilde;o investir os valores antes destinados aos gastos com os postos de servi&ccedil;os na instala&ccedil;&atilde;o da estrutura para a banda larga. A conseq&uuml;&ecirc;ncia ser&aacute; ter garantido o financiamento dessa estrutura, possibilitando a venda do servi&ccedil;o aos moradores locais, al&eacute;m das escolas, dificultando o surgimento de alguma concorr&ecirc;ncia efetiva.<\/p>\n<p><\/span><span>Isso nos leva a uma das maiores preocupa&ccedil;&otilde;es das entidades de defesa do consumidor: a baix&iacute;ssima concorr&ecirc;ncia e a alta probabilidade de concentra&ccedil;&atilde;o de mercado.<\/p>\n<p><\/span><span>Tal situa&ccedil;&atilde;o gerar&aacute;, indubitavelmente, a domin&acirc;ncia do mercado de internet banda larga pelas mesmas empresas que hoje j&aacute; dominam a telefonia fixa. Ressalte-se que a utiliza&ccedil;&atilde;o da tecnologia de voz por protocolo de internet (VoIP) hoje &eacute; uma alternativa &agrave; telefonia fixa convencional (STFC). Do ponto de vista concorrencial, de nada adiantar&aacute; o consumidor trocar o STFC por VoIP se, ao final das contas, ambos os servi&ccedil;os ser&atilde;o providos pela mesma empresa.<\/p>\n<p><\/span><span>Ademais, com a possibilidade de escolha por parte das concession&aacute;rias com rela&ccedil;&atilde;o a qual servi&ccedil;o prover, poderemos nos deparar com a seguinte situa&ccedil;&atilde;o: em uma regi&atilde;o, na qual opera uma concession&aacute;ria, ser&atilde;o cumpridas as metas de universaliza&ccedil;&atilde;o de banda larga, e, em outra, as metas de universaliza&ccedil;&atilde;o de postos de servi&ccedil;os (PSTs), o que n&atilde;o faz nenhum sentido l&oacute;gico, porque o que &eacute; universal deve existir em todo o territ&oacute;rio brasileiro.<\/p>\n<p><\/span><span>Terminemos com o fato de que a instala&ccedil;&atilde;o de backhauls n&atilde;o garante que a banda larga chegar&aacute; nas escolas, pois faltar&aacute; a instala&ccedil;&atilde;o da &uacute;ltima milha, respons&aacute;vel por ligar o computador da escola &agrave; rede mundial de computadores. Corre-se o risco das escolas permanecerem sem internet banda larga &ndash; mas estar&aacute; garantida a infra-estrutura para que a concession&aacute;ria, dominando o mercado, venda esse servi&ccedil;o no seu entorno.<\/p>\n<p><\/span><span>S&atilde;o muitos os pontos preocupantes no decreto, e aqui procuramos trazer alguns que afetam diretamente a vida dos consumidores. O Idec entende ser imperioso, nesse sentido, que essa norma seja revista, observando todos os preceitos legais, como os princ&iacute;pios da administra&ccedil;&atilde;o p&uacute;blica e a Lei Geral de Telecomunica&ccedil;&otilde;es, com o fim &uacute;ltimo de garantir a maior concorr&ecirc;ncia no mercado, o acesso aos servi&ccedil;os, e o respeito aos direitos dos consumidores.<\/p>\n<p>*Estela Guerrini &eacute; advogada do Idec<\/span><\/p>\n","protected":false},"excerpt":{"rendered":"<p>No &uacute;ltimo dia 7, foi aprovado o Decreto 6424\/2008, que altera o Plano Geral de Metas para a Universaliza&ccedil;&atilde;o do Servi&ccedil;o Telef&ocirc;nico Fixo Comutado. Segundo o governo federal, a iniciativa tem o objetivo de levar internet banda larga &agrave;s escolas, trocando-se as obriga&ccedil;&otilde;es iniciais de universaliza&ccedil;&atilde;o das concession&aacute;rias de telefonia fixa (instala&ccedil;&atilde;o de Postos de &hellip; <a href=\"https:\/\/obscom.intervozes.org.br\/?p=21083\" class=\"more-link\">Continue lendo <span class=\"screen-reader-text\">O consumidor e a altera\u00e7\u00e3o do plano de metas de universaliza\u00e7\u00e3o de telefonia<\/span> <span class=\"meta-nav\">&rarr;<\/span><\/a><\/p>\n","protected":false},"author":1,"featured_media":0,"comment_status":"open","ping_status":"open","sticky":false,"template":"","format":"standard","meta":{"footnotes":""},"categories":[42],"tags":[747],"_links":{"self":[{"href":"https:\/\/obscom.intervozes.org.br\/index.php?rest_route=\/wp\/v2\/posts\/21083"}],"collection":[{"href":"https:\/\/obscom.intervozes.org.br\/index.php?rest_route=\/wp\/v2\/posts"}],"about":[{"href":"https:\/\/obscom.intervozes.org.br\/index.php?rest_route=\/wp\/v2\/types\/post"}],"author":[{"embeddable":true,"href":"https:\/\/obscom.intervozes.org.br\/index.php?rest_route=\/wp\/v2\/users\/1"}],"replies":[{"embeddable":true,"href":"https:\/\/obscom.intervozes.org.br\/index.php?rest_route=%2Fwp%2Fv2%2Fcomments&post=21083"}],"version-history":[{"count":0,"href":"https:\/\/obscom.intervozes.org.br\/index.php?rest_route=\/wp\/v2\/posts\/21083\/revisions"}],"wp:attachment":[{"href":"https:\/\/obscom.intervozes.org.br\/index.php?rest_route=%2Fwp%2Fv2%2Fmedia&parent=21083"}],"wp:term":[{"taxonomy":"category","embeddable":true,"href":"https:\/\/obscom.intervozes.org.br\/index.php?rest_route=%2Fwp%2Fv2%2Fcategories&post=21083"},{"taxonomy":"post_tag","embeddable":true,"href":"https:\/\/obscom.intervozes.org.br\/index.php?rest_route=%2Fwp%2Fv2%2Ftags&post=21083"}],"curies":[{"name":"wp","href":"https:\/\/api.w.org\/{rel}","templated":true}]}}