{"id":21078,"date":"2008-04-29T12:57:40","date_gmt":"2008-04-29T12:57:40","guid":{"rendered":"https:\/\/obscom.intervozes.org.br\/wordpress\/?p=21078"},"modified":"2008-04-29T12:57:40","modified_gmt":"2008-04-29T12:57:40","slug":"situacao-do-conselho-de-comunicacao-social-sera-debatida-na-camara","status":"publish","type":"post","link":"https:\/\/obscom.intervozes.org.br\/?p=21078","title":{"rendered":"Situa\u00e7\u00e3o do Conselho de Comunica\u00e7\u00e3o Social ser\u00e1 debatida na C\u00e2mara"},"content":{"rendered":"<p>Com suas atividades paralisada h&aacute; mais de um ano, o Conselho de Comunica&ccedil;&atilde;o Social do Congresso Nacional ser&aacute; tema de debate na Comiss&atilde;o de Ci&ecirc;ncia e Tecnologia da C&acirc;mara dos Deputados. O presidente do Senado Federal, senador Garibaldi Alves (PMDB\/RN), respons&aacute;vel pelas nomea&ccedil;&otilde;es do grupo, foi convidado para a audi&ecirc;ncia p&uacute;blica, que est&aacute; agendada para o dia 8 de maio.<\/p>\n<p>Durante o mesmo encontro, a comiss&atilde;o tamb&eacute;m ir&aacute; fazer uma an&aacute;lise do desempenho do Conselho Consultivo da Anatel, que tamb&eacute;m ficou por longo tempo sem qu&oacute;rum durante 2007. Ser&atilde;o convidados sobre este tema o presidente da ag&ecirc;ncia reguladora, embaixador Ronaldo Sardenberg; o presidente do conselho consultivo, Vilson Vedana; e o conselheiro consultivo Jos&eacute; Zunga. Os deputados tamb&eacute;m solicitaram a presen&ccedil;a do coordenador do&nbsp;F&oacute;rum Nacional pela Democratiza&ccedil;&atilde;o da Comunica&ccedil;&atilde;o (FNDC), Celso Schr&ouml;der.<\/p>\n<p>As informa&ccedil;&otilde;es s&atilde;o da Tela Viva News.<\/p>\n","protected":false},"excerpt":{"rendered":"<p>Com suas atividades paralisada h&aacute; mais de um ano, o Conselho de Comunica&ccedil;&atilde;o Social do Congresso Nacional ser&aacute; tema de debate na Comiss&atilde;o de Ci&ecirc;ncia e Tecnologia da C&acirc;mara dos Deputados. O presidente do Senado Federal, senador Garibaldi Alves (PMDB\/RN), respons&aacute;vel pelas nomea&ccedil;&otilde;es do grupo, foi convidado para a audi&ecirc;ncia p&uacute;blica, que est&aacute; agendada para &hellip; <a href=\"https:\/\/obscom.intervozes.org.br\/?p=21078\" class=\"more-link\">Continue lendo <span class=\"screen-reader-text\">Situa\u00e7\u00e3o do Conselho de Comunica\u00e7\u00e3o Social ser\u00e1 debatida na C\u00e2mara<\/span> <span class=\"meta-nav\">&rarr;<\/span><\/a><\/p>\n","protected":false},"author":1,"featured_media":0,"comment_status":"open","ping_status":"open","sticky":false,"template":"","format":"standard","meta":{"footnotes":""},"categories":[39],"tags":[],"_links":{"self":[{"href":"https:\/\/obscom.intervozes.org.br\/index.php?rest_route=\/wp\/v2\/posts\/21078"}],"collection":[{"href":"https:\/\/obscom.intervozes.org.br\/index.php?rest_route=\/wp\/v2\/posts"}],"about":[{"href":"https:\/\/obscom.intervozes.org.br\/index.php?rest_route=\/wp\/v2\/types\/post"}],"author":[{"embeddable":true,"href":"https:\/\/obscom.intervozes.org.br\/index.php?rest_route=\/wp\/v2\/users\/1"}],"replies":[{"embeddable":true,"href":"https:\/\/obscom.intervozes.org.br\/index.php?rest_route=%2Fwp%2Fv2%2Fcomments&post=21078"}],"version-history":[{"count":0,"href":"https:\/\/obscom.intervozes.org.br\/index.php?rest_route=\/wp\/v2\/posts\/21078\/revisions"}],"wp:attachment":[{"href":"https:\/\/obscom.intervozes.org.br\/index.php?rest_route=%2Fwp%2Fv2%2Fmedia&parent=21078"}],"wp:term":[{"taxonomy":"category","embeddable":true,"href":"https:\/\/obscom.intervozes.org.br\/index.php?rest_route=%2Fwp%2Fv2%2Fcategories&post=21078"},{"taxonomy":"post_tag","embeddable":true,"href":"https:\/\/obscom.intervozes.org.br\/index.php?rest_route=%2Fwp%2Fv2%2Ftags&post=21078"}],"curies":[{"name":"wp","href":"https:\/\/api.w.org\/{rel}","templated":true}]}}