{"id":21074,"date":"2008-04-28T13:07:07","date_gmt":"2008-04-28T13:07:07","guid":{"rendered":"https:\/\/obscom.intervozes.org.br\/wordpress\/?p=21074"},"modified":"2008-04-28T13:07:07","modified_gmt":"2008-04-28T13:07:07","slug":"videoconferencia-prepara-seminario-nacional-sobre-imagem-da-mulher-na-midia","status":"publish","type":"post","link":"https:\/\/obscom.intervozes.org.br\/?p=21074","title":{"rendered":"Videoconfer\u00eancia prepara semin\u00e1rio nacional sobre imagem da mulher na m\u00eddia"},"content":{"rendered":"<p>Uma videoconfer&ecirc;ncia nacional realizada na &uacute;ltima quarta-feira deu o pontap&eacute; inicial para o desenvolvimento da primeira a&ccedil;&atilde;o do governo federal, em parceria com o movimento de mulheres, ligada ao eixo tem&aacute;tico Comunica&ccedil;&atilde;o e M&iacute;dia Igualit&aacute;rias, inclu&iacute;do no II Plano Nacional de Pol&iacute;ticas para Mulheres apresentado em mar&ccedil;o. O projeto, desenvolvido em parceria entre a Secretaria Especial de Pol&iacute;ticas para Mulheres do governo federal e a Articula&ccedil;&atilde;o Mulher &amp; M&iacute;dia, ter&aacute; como marco principal a realiza&ccedil;&atilde;o do Semin&aacute;rio Nacional &ldquo;Controle Social da Imagem da Mulher na M&iacute;dia&rdquo;.<\/p>\n<p>A realiza&ccedil;&atilde;o do evento est&aacute; prevista para os dias 19 e 20 de junho, em S&atilde;o Paulo. A coordena&ccedil;&atilde;o do projeto prev&ecirc; a participa&ccedil;&atilde;o de 200 mulheres ligadas aos movimentos organizados nos 27 estados brasileiros. Da videoconfer&ecirc;ncia, realizada pelo sistema Interlegis que liga as Assembl&eacute;ias Legislativas e o Congresso Nacional, participaram mais de 200 mulheres em 17 estados. <\/p>\n<p>Durante a videoconfer&ecirc;ncia, o representante da SEPM, Guto Pires, afirmou que a iniciativa do semin&aacute;rio preenche uma lacuna no Plano Nacional que &eacute; a forma&ccedil;&atilde;o do movimento de mulheres para atuar nas a&ccedil;&otilde;es de diagn&oacute;stico e monitoramento da imagem da mulher na m&iacute;dia. A SEPM e a Articula&ccedil;&atilde;o pretendem que o semin&aacute;rio seja um catalisador de outras atividades ligadas ao tema da m&iacute;dia igualit&aacute;ria, especialmente a cria&ccedil;&atilde;o de uma estrutura de acompanhamento, den&uacute;ncia e controle social da m&iacute;dia no que diz respeito &agrave; imagem da mulher.<\/p>\n","protected":false},"excerpt":{"rendered":"<p>Uma videoconfer&ecirc;ncia nacional realizada na &uacute;ltima quarta-feira deu o pontap&eacute; inicial para o desenvolvimento da primeira a&ccedil;&atilde;o do governo federal, em parceria com o movimento de mulheres, ligada ao eixo tem&aacute;tico Comunica&ccedil;&atilde;o e M&iacute;dia Igualit&aacute;rias, inclu&iacute;do no II Plano Nacional de Pol&iacute;ticas para Mulheres apresentado em mar&ccedil;o. O projeto, desenvolvido em parceria entre a Secretaria &hellip; <a href=\"https:\/\/obscom.intervozes.org.br\/?p=21074\" class=\"more-link\">Continue lendo <span class=\"screen-reader-text\">Videoconfer\u00eancia prepara semin\u00e1rio nacional sobre imagem da mulher na m\u00eddia<\/span> <span class=\"meta-nav\">&rarr;<\/span><\/a><\/p>\n","protected":false},"author":1,"featured_media":0,"comment_status":"open","ping_status":"open","sticky":false,"template":"","format":"standard","meta":{"footnotes":""},"categories":[39],"tags":[],"_links":{"self":[{"href":"https:\/\/obscom.intervozes.org.br\/index.php?rest_route=\/wp\/v2\/posts\/21074"}],"collection":[{"href":"https:\/\/obscom.intervozes.org.br\/index.php?rest_route=\/wp\/v2\/posts"}],"about":[{"href":"https:\/\/obscom.intervozes.org.br\/index.php?rest_route=\/wp\/v2\/types\/post"}],"author":[{"embeddable":true,"href":"https:\/\/obscom.intervozes.org.br\/index.php?rest_route=\/wp\/v2\/users\/1"}],"replies":[{"embeddable":true,"href":"https:\/\/obscom.intervozes.org.br\/index.php?rest_route=%2Fwp%2Fv2%2Fcomments&post=21074"}],"version-history":[{"count":0,"href":"https:\/\/obscom.intervozes.org.br\/index.php?rest_route=\/wp\/v2\/posts\/21074\/revisions"}],"wp:attachment":[{"href":"https:\/\/obscom.intervozes.org.br\/index.php?rest_route=%2Fwp%2Fv2%2Fmedia&parent=21074"}],"wp:term":[{"taxonomy":"category","embeddable":true,"href":"https:\/\/obscom.intervozes.org.br\/index.php?rest_route=%2Fwp%2Fv2%2Fcategories&post=21074"},{"taxonomy":"post_tag","embeddable":true,"href":"https:\/\/obscom.intervozes.org.br\/index.php?rest_route=%2Fwp%2Fv2%2Ftags&post=21074"}],"curies":[{"name":"wp","href":"https:\/\/api.w.org\/{rel}","templated":true}]}}