{"id":21072,"date":"2008-04-28T11:36:52","date_gmt":"2008-04-28T11:36:52","guid":{"rendered":"https:\/\/obscom.intervozes.org.br\/wordpress\/?p=21072"},"modified":"2008-04-28T11:36:52","modified_gmt":"2008-04-28T11:36:52","slug":"radios-cobram-regularizacao-e-fim-da-repressao-no-recife","status":"publish","type":"post","link":"https:\/\/obscom.intervozes.org.br\/?p=21072","title":{"rendered":"R\u00e1dios cobram regulariza\u00e7\u00e3o e fim da repress\u00e3o no Recife"},"content":{"rendered":"<p>Cartazes, panfletos, dois carros de som, um mini trio-el&eacute;trico e centenas de manifestantes de diversos munic&iacute;pios do Estado exigindo o direito de se comunicar. Esse foi o cen&aacute;rio do primeiro protesto j&aacute; realizado pelas r&aacute;dios comunit&aacute;rias em Pernambuco que tomou conta do Centro do Recife na tarde da &uacute;ltima sexta-feira (25).&nbsp;O protesto tinha como objetivo massificar a import&acirc;ncia das r&aacute;dios comunit&aacute;rias para a sociedade e repudiar as a&ccedil;&otilde;es da Anatel. Nos &uacute;ltimos anos, o Governo&nbsp;Federal tem sido lento no processo de concess&otilde;es, mas foi r&aacute;pida a a&ccedil;&atilde;o&nbsp;de fechamento, pela pol&iacute;cia federal, contra as r&aacute;dios comunit&aacute;rias de Pernambuco.&nbsp; &quot;Est&atilde;o querendo calar a nossa voz, mas n&atilde;o v&atilde;o conseguir porque somos a voz do povo&quot;, repetia, ainda na concentra&ccedil;&atilde;o do grupo, na Pra&ccedil;a Oswaldo Cruz, o coordenador da Associa&ccedil;&atilde;o Brasileira de r&aacute;dios Comunit&aacute;rias (Abra&ccedil;o), Napole&atilde;o Assun&ccedil;&atilde;o.<\/p>\n<p>Munidos de morda&ccedil;as vermelhas como s&iacute;mbolo de repress&atilde;o, apitos para se fazerem ouvidos &agrave; dist&acirc;ncia, e de par&oacute;dias sendo tocadas nos carros de som, o grupo partiu em uma caminhada pela Avenida Conde da Boa Vista at&eacute; a Pra&ccedil;a do Carmo, no Centro do Recife. &quot;R&aacute;dio comunit&aacute;ria, sem a nossa voz n&atilde;o h&aacute; democracia&quot; era a frase que ecoava entre os manifestantes, com &ecirc;nfase maior na palavra final, democracia. Representante da Associa&ccedil;&atilde;o Mundial de R&aacute;dios Comunit&aacute;rias, Amarc, Manina Aguiar definiu a mobiliza&ccedil;&atilde;o como &quot;um sucesso&quot;. &quot;Do come&ccedil;o ao fim, foi pac&iacute;fica e decisiva&quot;, declarou.<\/p>\n<p>&quot;Esse &eacute; apenas o ponto de partida. Estamos unidos para dizer que n&atilde;o queremos ser criminalizados, muito menos intitulados como r&aacute;dios piratas&quot;, declarou Rebeca Oliveira, tamb&eacute;m da Abra&ccedil;o e representante da R&aacute;dio Cultural da Muribeca. Ela adiantou que o pr&oacute;ximo passo na luta&nbsp;pela regulariza&ccedil;&atilde;o das r&aacute;dios comunit&aacute;rias ser&aacute; uma audi&ecirc;ncia p&uacute;blica na Assembl&eacute;ia Legislativa de Pernambuco, marcada para as 9h do dia 27 de maio. &quot;A inten&ccedil;&atilde;o &eacute; lotar o audit&oacute;rio e mostrar nossa for&ccedil;a. Iremos entregar um relat&oacute;rio sobre a repress&atilde;o realizada pela Pol&iacute;cia Federal no fechamento de r&aacute;dios comunit&aacute;rias. Vamos tamb&eacute;m pedir direito de resposta e cobrar a cria&ccedil;&atilde;o de uma Comiss&atilde;o de Comunica&ccedil;&atilde;o Comunit&aacute;ria&quot;, explicou Rebeca.<\/p>\n<p>Com respaldo na lei, o representante da R&aacute;dio Comunit&aacute;ria Alternativa, do bairro de Engenho Maranguape (em Paulista), David Moreno contesta o fechamento de r&aacute;dios. &quot;A Constitui&ccedil;&atilde;o Federal nos garante o direito de nos comunicar. Como ainda podemos ser banidos de fazer disso um trabalho social?&quot;, questionou. A R&aacute;dio Comunit&aacute;ria Alternativa, em seus tr&ecirc;s anos e cinco meses no ar, j&aacute; recebeu duas vezes a visita de t&eacute;cnicos da Ag&ecirc;ncia Nacional de Telecomunica&ccedil;&otilde;es (Anatel). &quot;Fechamos duas vezes, mas tamb&eacute;m abrimos as duas&quot;, conta David. A comunidade de Engenho Maranguape possui 22 mil habitantes, todos beneficiados com a r&aacute;dio. &quot;Usamos esse meio de comunica&ccedil;&atilde;o para informar a popula&ccedil;&atilde;o sobre seus direitos. Temos programas especiais voltados aos deficientes, idosos, adolescentes e crian&ccedil;as. &Eacute; uma maneira satisfat&oacute;ria de interagir com a comunidade&quot;, enfatiza David sobre a import&acirc;ncia das r&aacute;dios.<\/p>\n<p><strong>A&ccedil;&atilde;o da Pol&iacute;cia Federal<\/p>\n<p><\/strong>A Pol&iacute;cia Federal de Pernambuco fechou 30 r&aacute;dios comunit&aacute;rias do Estado no &uacute;ltimo dia 17 de mar&ccedil;o. Na chamada opera&ccedil;&atilde;o &#39;Seguran&ccedil;a no ar&#39;, foram cumpridos 56 mandados de busca e apreens&atilde;o dos equipamentos de r&aacute;dios que funcionam sem outorga no Recife e em outras cidades como Olinda e Jaboat&atilde;o dos Guararapes, na Regi&atilde;o Metropolitana, Catende, na Mata Sul, Limoeiro e Caruaru, no Agreste. As r&aacute;dios comunit&aacute;rias esclarecem que n&atilde;o interferem no tr&aacute;fego a&eacute;reo, partindo do princ&iacute;pio que seus equipamentos s&atilde;o autorizados e homologados pelo Minist&eacute;rio das Comunica&ccedil;&otilde;es, que determina a pot&ecirc;ncia de 25 Watts&nbsp;conforme a legisla&ccedil;&atilde;o federal.<\/p>\n<p>A&nbsp;manifesta&ccedil;&atilde;o foi coordenada por organiza&ccedil;&otilde;es de r&aacute;dios comunit&aacute;rias, entre elas, a Associa&ccedil;&atilde;o Brasileira de Radiodifus&atilde;o Comunit&aacute;ria (ABRA&Ccedil;O), pela Associa&ccedil;&atilde;o Mundial das R&aacute;dios Comunit&aacute;rias (AMARC), pela Federa&ccedil;&atilde;o de R&aacute;dios Comunit&aacute;rias de Pernambuco e <br \/>Associa&ccedil;&atilde;o das R&aacute;dios Populares de Pernambuco. Organiza&ccedil;&otilde;es feministas que integram o F&oacute;rum de Mulheres de Pernambuco, como o SOS Corpo, apoiaram a a&ccedil;&atilde;o e vem desde o come&ccedil;o contribuindo na divulga&ccedil;&atilde;o das not&iacute;cias sobre esse ato. Al&eacute;m disso, para fortalecer a programa&ccedil;&atilde;o local das r&aacute;dios, o SOS Corpo produziu CDs com programas de r&aacute;dio que tratam do combate &agrave; viol&ecirc;ncia contra a mulher.<\/p>\n","protected":false},"excerpt":{"rendered":"<p>Em protesto realizado no Centro do Recife, centenas de manifestantes repudiam a\u00e7\u00e3o da Pol\u00edcia Federal que fechou emissoras e cobram agilidade do Governo Federal na legaliza\u00e7\u00e3o das r\u00e1dios comunit\u00e1rias.<\/p>\n","protected":false},"author":1,"featured_media":0,"comment_status":"open","ping_status":"open","sticky":false,"template":"","format":"standard","meta":{"footnotes":""},"categories":[40],"tags":[155],"_links":{"self":[{"href":"https:\/\/obscom.intervozes.org.br\/index.php?rest_route=\/wp\/v2\/posts\/21072"}],"collection":[{"href":"https:\/\/obscom.intervozes.org.br\/index.php?rest_route=\/wp\/v2\/posts"}],"about":[{"href":"https:\/\/obscom.intervozes.org.br\/index.php?rest_route=\/wp\/v2\/types\/post"}],"author":[{"embeddable":true,"href":"https:\/\/obscom.intervozes.org.br\/index.php?rest_route=\/wp\/v2\/users\/1"}],"replies":[{"embeddable":true,"href":"https:\/\/obscom.intervozes.org.br\/index.php?rest_route=%2Fwp%2Fv2%2Fcomments&post=21072"}],"version-history":[{"count":0,"href":"https:\/\/obscom.intervozes.org.br\/index.php?rest_route=\/wp\/v2\/posts\/21072\/revisions"}],"wp:attachment":[{"href":"https:\/\/obscom.intervozes.org.br\/index.php?rest_route=%2Fwp%2Fv2%2Fmedia&parent=21072"}],"wp:term":[{"taxonomy":"category","embeddable":true,"href":"https:\/\/obscom.intervozes.org.br\/index.php?rest_route=%2Fwp%2Fv2%2Fcategories&post=21072"},{"taxonomy":"post_tag","embeddable":true,"href":"https:\/\/obscom.intervozes.org.br\/index.php?rest_route=%2Fwp%2Fv2%2Ftags&post=21072"}],"curies":[{"name":"wp","href":"https:\/\/api.w.org\/{rel}","templated":true}]}}