{"id":21068,"date":"2008-04-25T16:35:25","date_gmt":"2008-04-25T16:35:25","guid":{"rendered":"https:\/\/obscom.intervozes.org.br\/wordpress\/?p=21068"},"modified":"2008-04-25T16:35:25","modified_gmt":"2008-04-25T16:35:25","slug":"mudanca-no-fuso-horario-quando-a-submissao-vira-irresponsabilidade","status":"publish","type":"post","link":"https:\/\/obscom.intervozes.org.br\/?p=21068","title":{"rendered":"Mudan\u00e7a no fuso hor\u00e1rio: quando a submiss\u00e3o vira irresponsabilidade"},"content":{"rendered":"<p>A submiss&atilde;o do&nbsp;Congresso Nacional&nbsp;e do&nbsp;Governo Federal ao poder das Organiza&ccedil;&otilde;es Globo parece n&atilde;o ter limites. O absurdo da vez &eacute; a aprova&ccedil;&atilde;o pelo Senado (h&aacute; duas semanas) e a san&ccedil;&atilde;o do presidente Lula (na &uacute;ltima quinta-feira) da lei que altera o fuso hor&aacute;rio nos estados da Regi&atilde;o Norte. Com isso, a diferen&ccedil;a do hor&aacute;rio do Acre e de 46 munic&iacute;pios do Amazonas em rela&ccedil;&atilde;o ao de Bras&iacute;lia cair&aacute; de duas para uma hora. J&aacute; o Par&aacute; ficar&aacute; todo com o mesmo fuso hor&aacute;rio de Bras&iacute;lia. A mudan&ccedil;a&nbsp;passa a valer&nbsp;em 60 dias.<\/p>\n<p>A lei, de autoria do senador Ti&atilde;o Viana (PT-AC), foi aprovada no Senado dias ap&oacute;s a entrada em vigor dos dispositivos da Portaria 1.220\/07 que determinam que as emissoras de TV adaptem suas transmiss&otilde;es aos diferentes fusos hor&aacute;rios vigentes no pa&iacute;s em fun&ccedil;&atilde;o da classifica&ccedil;&atilde;o indicativa dos programas. Regras estas, vale dizer, existentes em qualquer pa&iacute;s civilizado. <\/p>\n<p>A justificativa do senador, de que a inten&ccedil;&atilde;o da altera&ccedil;&atilde;o &eacute; &ldquo;facilitar o transporte a&eacute;reo e a integra&ccedil;&atilde;o com o sistema financeiro nacional&rdquo;, n&atilde;o passa de embuste. Como diria Mino Carta, &eacute; de conhecimento at&eacute; do mundo mineral que&nbsp;o projeto&nbsp;foi&nbsp;aprovado para que a Globo n&atilde;o&nbsp;tenha que&nbsp;adaptar sua&nbsp;grade de programa&ccedil;&atilde;o nestas regi&otilde;es&nbsp;ao que determina a Portaria 1.220. Pa&iacute;ses de dimens&otilde;es continentais como o&nbsp;nosso (EUA, Canad&aacute;, China, R&uacute;ssia e Austr&aacute;lia) possuem inclusive um n&uacute;mero maior de fusos hor&aacute;rios do que o Brasil, e este nunca foi um problema para a integra&ccedil;&atilde;o destas na&ccedil;&otilde;es.<\/p>\n<p><strong>Tudo pela novela<\/p>\n<p><\/strong>O &ldquo;problema&rdquo; da emissora n&atilde;o era&nbsp;sequer t&atilde;o grande assim. Bastava adequar o conte&uacute;do da chamada &ldquo;novela das oito&rdquo; para que esta pudesse ser transmitida&nbsp;as 19h (estaria sendo exibida &agrave;s 21h pelo hor&aacute;rio de Bras&iacute;lia, como hoje acontece). Outras redes nacionais de televis&atilde;o, como j&aacute; noticiado pelo <em>Observat&oacute;rio do Direito &agrave; Comunica&ccedil;&atilde;o<\/em>, possuem hoje uma grade de programa&ccedil;&atilde;o que lhes permite transmitir simultaneamente em todo o pa&iacute;s, ou podem adapt&aacute;-la sem grandes esfor&ccedil;os. <\/p>\n<p>A Globo, entretanto, decidiu criar&nbsp;uma programa&ccedil;&atilde;o &ldquo;pr&oacute;pria&rdquo; para os estados com fuso diferente de Bras&iacute;lia, onde n&atilde;o mais se transmitiria ao vivo os jogos de futebol realizados no meio da semana. Como respons&aacute;vel pela desagrad&aacute;vel mudan&ccedil;a &#8211; afinal, ningu&eacute;m quer ver&nbsp;as partidas em&nbsp;VT -, a Globo apontou justamente a classifica&ccedil;&atilde;o indicativa. N&atilde;o disse, contudo, o mais importante: que transmiss&otilde;es esportivas &ndash; assim como telejornais &ndash; n&atilde;o passam por classifica&ccedil;&atilde;o e podem ser transmitidos em qualquer hor&aacute;rio.&nbsp;A decis&atilde;o de n&atilde;o transmitir os jogos foi exclusivamente da empresa. Chantagem&nbsp;de grande impacto nos parlamentares,&nbsp;pelo menos naqueles que votaram sabendo&nbsp;do que se tratava a mat&eacute;ria em pauta.&nbsp;<\/p>\n<p>Mas para que adaptar a programa&ccedil;&atilde;o se, afinal, &eacute; bem mais f&aacute;cil, r&aacute;pido e econ&ocirc;mico para a empresa mudar o fuso hor&aacute;rio destas regi&otilde;es? O <a href=\"http:\/\/www.ombudspe.org.br\/\"><em>Ombuds PE<\/em>,<\/a>&nbsp;que faz&nbsp;o monitoramento permanente da m&iacute;dia, referindo-se ao fato, lembrou com propriedade a anedota do prefeito que, para instalar uma caixa d&rsquo;&aacute;gua num lugar inadequado, cogitou revogar a lei da gravidade.&nbsp;Com a diferen&ccedil;a que, no caso em quest&atilde;o, Congresso e Governo Federal foram at&eacute; o fim.<br \/>&nbsp;<br \/>Constava da vers&atilde;o original do PL a realiza&ccedil;&atilde;o de plebiscito popular para permitir uma decis&atilde;o soberana de seus habitantes em rela&ccedil;&atilde;o &agrave; altera&ccedil;&atilde;o.&nbsp;A proposta, entretanto, foi suprimida na &uacute;ltima vers&atilde;o do projeto, aprovado na t&iacute;pica &#39;calada da noite&#39;, sem qualquer aviso pr&eacute;vio, entrando na pauta como&nbsp;se&nbsp;fosse mat&eacute;ria de seguran&ccedil;a nacional.<\/p>\n<p><strong>Irresponsabilidade<\/strong><\/p>\n<p>A mudan&ccedil;a ir&aacute; afetar de que maneira as popula&ccedil;&otilde;es dessas regi&otilde;es? Para essa quest&atilde;o &#8211; a mais relevante, &eacute; evidente &#8211; n&atilde;o h&aacute; respostas. N&atilde;o se trata, a priori, de ser contra poss&iacute;veis altera&ccedil;&otilde;es no fuso hor&aacute;rio destas regi&otilde;es. Trata-se, sim, de afirmar que sem amplo debate n&atilde;o &eacute; poss&iacute;vel dimensionar&nbsp;seu impacto, tornando a san&ccedil;&atilde;o do projeto pelo Presidente da Rep&uacute;blica ato da mais profunda irresponsabilidade.<\/p>\n<p>A&nbsp;necessidade &oacute;bvia de que algo dessa natureza passe por discuss&atilde;o com a comunidade cient&iacute;fica &#8211;&nbsp;pois trar&aacute; impactos do ponto de vista biol&oacute;gico, social e econ&ocirc;mico &#8211;&nbsp;foi desconsiderada.&nbsp;Negou-se, ainda, a import&acirc;ncia de se analisar exemplos recentes como o que causou preju&iacute;zos aos habitantes de Portugal, que foi obrigado a retornar ao seu fuso hor&aacute;rio original ap&oacute;s t&ecirc;-lo alterado em 1992 (quando de seu ingresso na Uni&atilde;o Europ&eacute;ia).<\/p>\n<p>Congresso e governo tamb&eacute;m&nbsp;desconsideraram o potencial aumento no consumo de energia ocasionado pela mudan&ccedil;a. Estes estados da federa&ccedil;&atilde;o, vale lembrar, n&atilde;o promovem o chamado &ldquo;hor&aacute;rio de ver&atilde;o&rdquo;, j&aacute; que estudos evidenciam &#8211; e o governo sabe disso, claro &#8211;&nbsp;que adiantar em uma hora o rel&oacute;gio nestas regi&otilde;es n&atilde;o promoveria a economia de energia, mas sim aumentaria seu consumo.<\/p>\n<p>As quest&otilde;es v&atilde;o al&eacute;m: ge&oacute;grafos e m&eacute;dicos especialistas em sa&uacute;de p&uacute;blica ouvidos pelo <em>Observat&oacute;rio do Direito &agrave; Comunica&ccedil;&atilde;o<\/em> apontam prov&aacute;veis impactos no metabolismo da popula&ccedil;&atilde;o dessas regi&otilde;es, em especial nas crian&ccedil;as, com poss&iacute;veis resultados negativos, como a perda de rendimento nas atividades escolares. Com a san&ccedil;&atilde;o da medida, parcela substancial destas&nbsp;comunidades ter&aacute; suas primeiras atividades do dia ainda no escuro, com altera&ccedil;&otilde;es biol&oacute;gicas que podem provocar diferentes transtornos de sa&uacute;de, ocasionando, por exemplo, aumento no consumo de medicamentos estimulantes e relaxantes.<\/p>\n<p>Tudo isso foi ignorado pelos parlamentares e por Lula, em nome da novela das oito.<\/p>\n<p><span>A irresponsabilidade e submiss&atilde;o dos que participaram da aprova&ccedil;&atilde;o e san&ccedil;&atilde;o desta lei, por sorte, pode ser parcialmente amenizada por&nbsp;algo muito mais poderoso que a Globo: a natureza. Em uma regi&atilde;o marcada pelo ritmo da floresta e do Equador, a vida continuar&aacute; correndo segundo as exatas 12 horas em que o sol ilumina o c&eacute;u todos os dias do ano. Sim, caros senadores, caro presidente: quem acorda os brasileiros da Regi&atilde;o Norte &eacute; o sol, n&atilde;o o Bom Dia Brasil. A diferen&ccedil;a &eacute; que agora estas crian&ccedil;as,&nbsp;no&nbsp;que&nbsp;diz respeito&nbsp;aos seus direitos, valem oficialmente uma hora a menos.<\/span><\/p>\n","protected":false},"excerpt":{"rendered":"<p>A submiss\u00e3o de Congresso e governo ao poder das Organiza\u00e7\u00f5es Globo parece n\u00e3o ter limites. O absurdo da vez \u00e9 a aprova\u00e7\u00e3o pelo Senado e a san\u00e7\u00e3o pelo presidente da lei que altera o fuso hor\u00e1rio da Regi\u00e3o Norte.<\/p>\n","protected":false},"author":1,"featured_media":0,"comment_status":"open","ping_status":"open","sticky":false,"template":"","format":"standard","meta":{"footnotes":""},"categories":[42],"tags":[56],"_links":{"self":[{"href":"https:\/\/obscom.intervozes.org.br\/index.php?rest_route=\/wp\/v2\/posts\/21068"}],"collection":[{"href":"https:\/\/obscom.intervozes.org.br\/index.php?rest_route=\/wp\/v2\/posts"}],"about":[{"href":"https:\/\/obscom.intervozes.org.br\/index.php?rest_route=\/wp\/v2\/types\/post"}],"author":[{"embeddable":true,"href":"https:\/\/obscom.intervozes.org.br\/index.php?rest_route=\/wp\/v2\/users\/1"}],"replies":[{"embeddable":true,"href":"https:\/\/obscom.intervozes.org.br\/index.php?rest_route=%2Fwp%2Fv2%2Fcomments&post=21068"}],"version-history":[{"count":0,"href":"https:\/\/obscom.intervozes.org.br\/index.php?rest_route=\/wp\/v2\/posts\/21068\/revisions"}],"wp:attachment":[{"href":"https:\/\/obscom.intervozes.org.br\/index.php?rest_route=%2Fwp%2Fv2%2Fmedia&parent=21068"}],"wp:term":[{"taxonomy":"category","embeddable":true,"href":"https:\/\/obscom.intervozes.org.br\/index.php?rest_route=%2Fwp%2Fv2%2Fcategories&post=21068"},{"taxonomy":"post_tag","embeddable":true,"href":"https:\/\/obscom.intervozes.org.br\/index.php?rest_route=%2Fwp%2Fv2%2Ftags&post=21068"}],"curies":[{"name":"wp","href":"https:\/\/api.w.org\/{rel}","templated":true}]}}