{"id":21063,"date":"2008-04-25T14:06:14","date_gmt":"2008-04-25T14:06:14","guid":{"rendered":"https:\/\/obscom.intervozes.org.br\/wordpress\/?p=21063"},"modified":"2008-04-25T14:06:14","modified_gmt":"2008-04-25T14:06:14","slug":"policia-militar-invade-radio-comunitaria-em-ribeirao-preto-sem-mandado","status":"publish","type":"post","link":"https:\/\/obscom.intervozes.org.br\/?p=21063","title":{"rendered":"Pol\u00edcia Militar invade r\u00e1dio comunit\u00e1ria em Ribeir\u00e3o Preto sem mandado"},"content":{"rendered":"<p>Na &uacute;ltima ter&ccedil;a-feira, 22, a Pol&iacute;cia Militar invadiu mais uma r&aacute;dio comunit&aacute;ria, desta vez na cidade de Ribeir&atilde;o Preto (SP) &ndash; a r&aacute;dio Orunmil&aacute;. Os policiais levaram todos os equipamentos, impedindo que a emissora continuasse transmitindo. A esta&ccedil;&atilde;o funcionava nas depend&ecirc;ncias do Centro Cultural Orunmila, entidade fundada em 1994 e que desenvolve um dos trabalhos mais interessantes de organiza&ccedil;&atilde;o popular com base nas tradi&ccedil;&otilde;es de matriz africana.<\/p>\n<p>A a&ccedil;&atilde;o da Pol&iacute;cia Militar foi totalmente ilegal. N&atilde;o havia mandado de busca e apreens&atilde;o, na havia laudo t&eacute;cnico e muito menos a presen&ccedil;a de representantes da Anatel. &ldquo;O que se encontra em discuss&atilde;o &eacute; a liberdade de express&atilde;o, a democratiza&ccedil;&atilde;o dos meios de comunica&ccedil;&atilde;o no Brasil, a pol&iacute;tica oficial para a Comunica&ccedil;&atilde;o Comunit&aacute;ria, a exclus&atilde;o s&oacute;cio-cultural, o racismo e a discrimina&ccedil;&atilde;o existentes no Pa&iacute;s&rdquo;, afirma o presidente do C.C. Ornumila, Paulo Pereira de Oliveira.<\/p>\n<p>O presidente do Orunmila ainda afirma que &ldquo;a r&aacute;dio Orunmila por sua programa&ccedil;&atilde;o, pela sua gest&atilde;o democr&aacute;tica e comunit&aacute;ria &eacute; considerada por analistas da &aacute;rea como a mais aut&ecirc;ntica r&aacute;dio comunit&aacute;ria do munic&iacute;pio; seu v&iacute;nculo com a comunidade, sua abertura aos bairros e vilas populares e sua gest&atilde;o n&atilde;o comercial fazem seu car&aacute;ter democr&aacute;tico, popular e comunit&aacute;rio como nenhuma outra&rdquo;. <\/p>\n<p>O Centro Cultural Orunmila realiza diversas atividades como Curso Pr&eacute;-Vestibular (Curso &quot;prof. Paulo Dantas da Silva&quot;), oficinas de dan&ccedil;a-afro, de capoeira e de percuss&atilde;o. No Carnaval, promove o desfile do Afox&eacute; Omo Or&ugrave;mil&aacute;, colocando mais de trezentas pessoas nos desfiles oficiais organizados pela Prefeitura Municipal. Por for&ccedil;a de lei Municipal, o Afox&eacute; Omo Or&ugrave;nmil&aacute; faz a abertura dos desfiles carnavalescos em Ribeir&atilde;o Preto. Mant&eacute;m ainda, com oito professores universit&aacute;rios e mestres da cultura negra, o &quot;Curso de Capacita&ccedil;&atilde;o de Professores e Cidad&atilde;os para Aplica&ccedil;&atilde;o da lei 10.639\/03&quot;. Seus membros integram os Conselhos Municipais da Cultura e da Emancipa&ccedil;&atilde;o e Desenvolvimento da Comunidade Negra. Participam ainda do Conselho Estadual da Comunidade Negra do Estado de S&atilde;o Paulo <\/p>\n<p>O Orunmil&aacute; funciona no bairro do Tanquinho, periferia de Ribeir&atilde;o Preto e desenvolve o seu trabalho tendo como refer&ecirc;ncia os valores da cosmovis&atilde;o das tradi&ccedil;&otilde;es de matriz africana n&atilde;o apenas no aspecto religioso, mas como modo de vida, vis&atilde;o de mundo e de agir social e pol&iacute;tico. Fincado nas tradi&ccedil;&otilde;es do povo Yoruba, a a&ccedil;&atilde;o do Orunmila n&atilde;o separa cultura de pol&iacute;tica, pois entende que cultura &eacute; uma pr&aacute;xis, isto &eacute;, um agir social que necessariamente aponta para olhares em perspectiva. Por isto, o Orunmila &eacute; um espa&ccedil;o de conflu&ecirc;ncia de toda a comunidade vitimada pela exclus&atilde;o social da sociedade racista e machista onde, al&eacute;m da den&uacute;ncia, s&atilde;o desenvolvidos projetos de educa&ccedil;&atilde;o popular, de valoriza&ccedil;&atilde;o das express&otilde;es culturais de matriz africana. Esta &eacute; a principal raz&atilde;o do Orunmila despertar a ira das elites, principalmente pela sua ousadia de desafiar os valores hegem&ocirc;nicos, inclusive o monop&oacute;lio dos meios de comunica&ccedil;&atilde;o.<\/p>\n<p>Para mais informa&ccedil;&otilde;es sobre este epis&oacute;dio e manifesta&ccedil;&otilde;es de apoio: <br \/>Endere&ccedil;o: Rua Orunmila, 100 &ndash; Ribeir&atilde;o Preto (SP). <br \/>Tel.(16) 3974-7478- (16)9189-0097 e (16) 3021-4853 <br \/>Site do centro &eacute; o <a href=\"http:\/\/www.ornumila.org.br\/\">www.ornumila.org.br<\/a> <\/p>\n","protected":false},"excerpt":{"rendered":"<p>Na &uacute;ltima ter&ccedil;a-feira, 22, a Pol&iacute;cia Militar invadiu mais uma r&aacute;dio comunit&aacute;ria, desta vez na cidade de Ribeir&atilde;o Preto (SP) &ndash; a r&aacute;dio Orunmil&aacute;. Os policiais levaram todos os equipamentos, impedindo que a emissora continuasse transmitindo. A esta&ccedil;&atilde;o funcionava nas depend&ecirc;ncias do Centro Cultural Orunmila, entidade fundada em 1994 e que desenvolve um dos trabalhos &hellip; <a href=\"https:\/\/obscom.intervozes.org.br\/?p=21063\" class=\"more-link\">Continue lendo <span class=\"screen-reader-text\">Pol\u00edcia Militar invade r\u00e1dio comunit\u00e1ria em Ribeir\u00e3o Preto sem mandado<\/span> <span class=\"meta-nav\">&rarr;<\/span><\/a><\/p>\n","protected":false},"author":1,"featured_media":0,"comment_status":"open","ping_status":"open","sticky":false,"template":"","format":"standard","meta":{"footnotes":""},"categories":[40],"tags":[425],"_links":{"self":[{"href":"https:\/\/obscom.intervozes.org.br\/index.php?rest_route=\/wp\/v2\/posts\/21063"}],"collection":[{"href":"https:\/\/obscom.intervozes.org.br\/index.php?rest_route=\/wp\/v2\/posts"}],"about":[{"href":"https:\/\/obscom.intervozes.org.br\/index.php?rest_route=\/wp\/v2\/types\/post"}],"author":[{"embeddable":true,"href":"https:\/\/obscom.intervozes.org.br\/index.php?rest_route=\/wp\/v2\/users\/1"}],"replies":[{"embeddable":true,"href":"https:\/\/obscom.intervozes.org.br\/index.php?rest_route=%2Fwp%2Fv2%2Fcomments&post=21063"}],"version-history":[{"count":0,"href":"https:\/\/obscom.intervozes.org.br\/index.php?rest_route=\/wp\/v2\/posts\/21063\/revisions"}],"wp:attachment":[{"href":"https:\/\/obscom.intervozes.org.br\/index.php?rest_route=%2Fwp%2Fv2%2Fmedia&parent=21063"}],"wp:term":[{"taxonomy":"category","embeddable":true,"href":"https:\/\/obscom.intervozes.org.br\/index.php?rest_route=%2Fwp%2Fv2%2Fcategories&post=21063"},{"taxonomy":"post_tag","embeddable":true,"href":"https:\/\/obscom.intervozes.org.br\/index.php?rest_route=%2Fwp%2Fv2%2Ftags&post=21063"}],"curies":[{"name":"wp","href":"https:\/\/api.w.org\/{rel}","templated":true}]}}