{"id":21058,"date":"2008-04-25T00:00:00","date_gmt":"2008-04-25T00:00:00","guid":{"rendered":"https:\/\/obscom.intervozes.org.br\/wordpress\/?p=21058"},"modified":"2014-09-07T02:55:30","modified_gmt":"2014-09-07T02:55:30","slug":"lula-sanciona-mudanca-no-fuso-horario-de-3-estados-da-regiao-norte","status":"publish","type":"post","link":"https:\/\/obscom.intervozes.org.br\/?p=21058","title":{"rendered":"Lula sanciona mudan\u00e7a no fuso hor\u00e1rio de 3 estados da Regi\u00e3o Norte"},"content":{"rendered":"<p><span>O presidente Luiz In&aacute;cio Lula da Silva sancionou nesta quinta-feira (24) o projeto de lei que modifica o fuso hor&aacute;rio do Acre, Par&aacute; e Amazonas. Com a san&ccedil;&atilde;o, a diferen&ccedil;a do hor&aacute;rio do Acre e de 46 munic&iacute;pios do Amazonas em rela&ccedil;&atilde;o ao de Bras&iacute;lia cair&aacute; de duas para uma hora. J&aacute; o Par&aacute; ficar&aacute; todo com o mesmo fuso hor&aacute;rio de Bras&iacute;lia. A mudan&ccedil;a entra em vigor em 60 dias.<\/p>\n<p><\/span><span>A proposta do senador Ti&atilde;o Viana (PT-AC) foi aprovada no Senado dias ap&oacute;s a entrada em vigor dos dispositivos da Portaria 1.220\/07 que determinam que as emissoras de TV adaptem suas transmiss&otilde;es aos diferentes fusos hor&aacute;rios vigentes no pa&iacute;s em fun&ccedil;&atilde;o da classifica&ccedil;&atilde;o indicativa dos programas.<\/p>\n<p><\/span><span>A vers&atilde;o original do projeto propunha a realiza&ccedil;&atilde;o de um plebiscito popular nestas regi&otilde;es para referendar a mudan&ccedil;a, mas a men&ccedil;&atilde;o ao plebiscito foi retirada no momento da aprova&ccedil;&atilde;o do projeto pelos senadores.<\/span><span>&nbsp;<\/span> <\/p>\n<p style=\"margin: 0cm 0cm 0pt\" class=\"MsoNormal\"><span><br \/>Para saber mais:<\/p>\n<p><a href=\"http:\/\/localhost\/intervozes_direitoacomunicacao\/wordpress\/?p=20932\">Senado aprova novo fuso hor&aacute;rio para Regi&atilde;o Norte para evitar Classifica&ccedil;&atilde;o Indicativa<\/a><\/span><\/p>\n<p style=\"margin: 0cm 0cm 0pt\" class=\"MsoNormal\">&nbsp;<\/p>\n<p style=\"margin: 0cm 0cm 0pt\" class=\"MsoNormal\"><span><a href=\"http:\/\/localhost\/intervozes_direitoacomunicacao\/wordpress\/?p=20968\">Lula deve sancionar novo fuso hor&aacute;rio para a Regi&atilde;o Norte<\/a><\/span><\/p>\n","protected":false},"excerpt":{"rendered":"<p>O presidente Luiz In&aacute;cio Lula da Silva sancionou nesta quinta-feira (24) o projeto de lei que modifica o fuso hor&aacute;rio do Acre, Par&aacute; e Amazonas. Com a san&ccedil;&atilde;o, a diferen&ccedil;a do hor&aacute;rio do Acre e de 46 munic&iacute;pios do Amazonas em rela&ccedil;&atilde;o ao de Bras&iacute;lia cair&aacute; de duas para uma hora. J&aacute; o Par&aacute; ficar&aacute; &hellip; <a href=\"https:\/\/obscom.intervozes.org.br\/?p=21058\" class=\"more-link\">Continue lendo <span class=\"screen-reader-text\">Lula sanciona mudan\u00e7a no fuso hor\u00e1rio de 3 estados da Regi\u00e3o Norte<\/span> <span class=\"meta-nav\">&rarr;<\/span><\/a><\/p>\n","protected":false},"author":1,"featured_media":0,"comment_status":"open","ping_status":"open","sticky":false,"template":"","format":"standard","meta":{"footnotes":""},"categories":[39],"tags":[],"_links":{"self":[{"href":"https:\/\/obscom.intervozes.org.br\/index.php?rest_route=\/wp\/v2\/posts\/21058"}],"collection":[{"href":"https:\/\/obscom.intervozes.org.br\/index.php?rest_route=\/wp\/v2\/posts"}],"about":[{"href":"https:\/\/obscom.intervozes.org.br\/index.php?rest_route=\/wp\/v2\/types\/post"}],"author":[{"embeddable":true,"href":"https:\/\/obscom.intervozes.org.br\/index.php?rest_route=\/wp\/v2\/users\/1"}],"replies":[{"embeddable":true,"href":"https:\/\/obscom.intervozes.org.br\/index.php?rest_route=%2Fwp%2Fv2%2Fcomments&post=21058"}],"version-history":[{"count":2,"href":"https:\/\/obscom.intervozes.org.br\/index.php?rest_route=\/wp\/v2\/posts\/21058\/revisions"}],"predecessor-version":[{"id":27836,"href":"https:\/\/obscom.intervozes.org.br\/index.php?rest_route=\/wp\/v2\/posts\/21058\/revisions\/27836"}],"wp:attachment":[{"href":"https:\/\/obscom.intervozes.org.br\/index.php?rest_route=%2Fwp%2Fv2%2Fmedia&parent=21058"}],"wp:term":[{"taxonomy":"category","embeddable":true,"href":"https:\/\/obscom.intervozes.org.br\/index.php?rest_route=%2Fwp%2Fv2%2Fcategories&post=21058"},{"taxonomy":"post_tag","embeddable":true,"href":"https:\/\/obscom.intervozes.org.br\/index.php?rest_route=%2Fwp%2Fv2%2Ftags&post=21058"}],"curies":[{"name":"wp","href":"https:\/\/api.w.org\/{rel}","templated":true}]}}